{"id":127670,"date":"2017-12-03T22:38:26","date_gmt":"2017-12-04T00:38:26","guid":{"rendered":"https:\/\/www.redenoticia.com.br\/noticia\/?p=127670"},"modified":"2017-12-03T22:38:26","modified_gmt":"2017-12-04T00:38:26","slug":"unesp-abre-inscricao-para-pos-graduacao-em-microbiologia-aplicada","status":"publish","type":"post","link":"https:\/\/migracao.redenoticia.com.br\/noticia\/2017\/unesp-abre-inscricao-para-pos-graduacao-em-microbiologia-aplicada\/127670","title":{"rendered":"Unesp abre inscri\u00e7\u00e3o para p\u00f3s-gradua\u00e7\u00e3o em Microbiologia Aplicada"},"content":{"rendered":"<p> Ag\u00eancia FAPESP\u00a0\u2013 O Programa de <strong><em>P\u00f3s-Gradua\u00e7\u00e3o em Microbiologia Aplicada<\/em><\/strong> (PPGMA) da Unesp em Rio Claro est\u00e1 com inscri\u00e7\u00f5es abertas para seu processo seletivo at\u00e9 dia 10 de dezembro de 2017. Est\u00e3o dispon\u00edveis 20 vagas de mestrado e 15 vagas de doutorado para quatro linhas de pesquisa: 1) Biotecnologia de Microrganismos; 2) Enzimas Microbianas; 3) Despolui\u00e7\u00e3o Ambiental, Biorremedia\u00e7\u00e3o e Biossor\u00e7\u00e3o; e 4) Ecologia e Sistem\u00e1tica Microbiana.<\/p>\n<p>As inscri\u00e7\u00f5es devem ser feitas pelo\u00a0\u00a0e a documenta\u00e7\u00e3o dever\u00e1 ser enviada \u00e0 Se\u00e7\u00e3o T\u00e9cnica de P\u00f3s-Gradua\u00e7\u00e3o via Correios (Sedex), para: Unesp, Instituto de Bioci\u00eancias, A\/C: Se\u00e7\u00e3o T\u00e9cnica de P\u00f3s-Gradua\u00e7\u00e3o (Sele\u00e7\u00e3o 2018 \u2013 PPG em Ci\u00eancias Biol\u00f3gicas &#8211; Microbiologia Aplicada), av. 24-A, 1515, Bairro Bela Vista, Rio Claro, SP, CEP 13506-900.<\/p>\n<p>O processo seletivo conter\u00e1 provas eliminat\u00f3rias escritas de l\u00edngua estrangeira (ingl\u00eas) e conhecimentos espec\u00edficos. A primeira ocorrer\u00e1 no dia 28 de janeiro de 2018, \u00e0s 8 horas, no Instituto de Bioci\u00eancias (IB) da Unesp. A prova de conhecimentos gerais ser\u00e1 aplicada no dia seguinte, \u00e0s 8 horas, tamb\u00e9m no IB.<\/p>\n<p>Mais informa\u00e7\u00f5es:\u00a0.<\/p>\n","protected":false},"excerpt":{"rendered":"<p>Ag\u00eancia FAPESP\u00a0\u2013 O Programa de P\u00f3s-Gradua\u00e7\u00e3o em Microbiologia Aplicada (PPGMA) da Unesp em Rio Claro est\u00e1 com inscri\u00e7\u00f5es abertas para seu processo seletivo at\u00e9 dia 10 de dezembro de 2017. Est\u00e3o dispon\u00edveis 20 vagas de mestrado e 15 vagas de doutorado para quatro linhas de pesquisa: 1) Biotecnologia de Microrganismos; 2) Enzimas Microbianas; 3) Despolui\u00e7\u00e3o [&hellip;]<\/p>\n","protected":false},"author":2,"featured_media":36246,"comment_status":"closed","ping_status":"closed","sticky":false,"template":"","format":"standard","meta":{"tdm_status":"","tdm_grid_status":"","footnotes":""},"categories":[22,351,370],"tags":[],"class_list":{"0":"post-127670","1":"post","2":"type-post","3":"status-publish","4":"format-standard","5":"has-post-thumbnail","7":"category-brasil","8":"category-cursos","9":"category-inscricao"},"_links":{"self":[{"href":"https:\/\/migracao.redenoticia.com.br\/noticia\/wp-json\/wp\/v2\/posts\/127670","targetHints":{"allow":["GET"]}}],"collection":[{"href":"https:\/\/migracao.redenoticia.com.br\/noticia\/wp-json\/wp\/v2\/posts"}],"about":[{"href":"https:\/\/migracao.redenoticia.com.br\/noticia\/wp-json\/wp\/v2\/types\/post"}],"author":[{"embeddable":true,"href":"https:\/\/migracao.redenoticia.com.br\/noticia\/wp-json\/wp\/v2\/users\/2"}],"replies":[{"embeddable":true,"href":"https:\/\/migracao.redenoticia.com.br\/noticia\/wp-json\/wp\/v2\/comments?post=127670"}],"version-history":[{"count":0,"href":"https:\/\/migracao.redenoticia.com.br\/noticia\/wp-json\/wp\/v2\/posts\/127670\/revisions"}],"wp:featuredmedia":[{"embeddable":true,"href":"https:\/\/migracao.redenoticia.com.br\/noticia\/wp-json\/wp\/v2\/media\/36246"}],"wp:attachment":[{"href":"https:\/\/migracao.redenoticia.com.br\/noticia\/wp-json\/wp\/v2\/media?parent=127670"}],"wp:term":[{"taxonomy":"category","embeddable":true,"href":"https:\/\/migracao.redenoticia.com.br\/noticia\/wp-json\/wp\/v2\/categories?post=127670"},{"taxonomy":"post_tag","embeddable":true,"href":"https:\/\/migracao.redenoticia.com.br\/noticia\/wp-json\/wp\/v2\/tags?post=127670"}],"curies":[{"name":"wp","href":"https:\/\/api.w.org\/{rel}","templated":true}]}}