{"id":127677,"date":"2017-12-03T22:41:04","date_gmt":"2017-12-04T00:41:04","guid":{"rendered":"https:\/\/www.redenoticia.com.br\/noticia\/?p=127677"},"modified":"2017-12-03T22:41:04","modified_gmt":"2017-12-04T00:41:04","slug":"oportunidade-de-treinamento-tecnico-em-bioquimica-e-biofisica-de-proteinas","status":"publish","type":"post","link":"https:\/\/migracao.redenoticia.com.br\/noticia\/2017\/oportunidade-de-treinamento-tecnico-em-bioquimica-e-biofisica-de-proteinas\/127677","title":{"rendered":"Oportunidade de treinamento t\u00e9cnico em Bioqu\u00edmica e Biof\u00edsica de Prote\u00ednas"},"content":{"rendered":"<p> Ag\u00eancia FAPESP\u00a0\u2013 O projeto \u201c\u201d, conduzido no Instituto de Qu\u00edmica de S\u00e3o Carlos da USP, oferece uma oportunidade de <strong><em>Treinamento T\u00e9cnico<\/em><\/strong> n\u00edvel tr\u00eas (TT-3), com Bolsa da FAPESP. O prazo de inscri\u00e7\u00e3o termina no dia 10 de dezembro de 2017.<\/p>\n<p>O bolsista exercer\u00e1 atividades tais como organiza\u00e7\u00e3o do laborat\u00f3rio de pesquisa, prepara\u00e7\u00e3o de listas de compras e tomadas de pre\u00e7o, prepara\u00e7\u00e3o de meios de cultura, aux\u00edlio aos alunos de p\u00f3s-gradua\u00e7\u00e3o em atividades de pesquisa e manuten\u00e7\u00e3o rotineira de equipamentos.<\/p>\n<p>Os candidatos devem ter gradua\u00e7\u00e3o conclu\u00edda em Qu\u00edmica, Bioqu\u00edmica, Farm\u00e1cia, Biologia, Biotecnologia ou \u00e1reas correlatas. Os interessados podem entrar em contato com o professor coordenador do projeto,\u00a0\u00a0(borgesjc@iqsc.usp.br), enviando curr\u00edculo atualizado, hist\u00f3rico escolar de gradua\u00e7\u00e3o e carta de motiva\u00e7\u00e3o de interesse.<\/p>\n<p>Mais informa\u00e7\u00f5es sobre a vaga est\u00e3o dispon\u00edveis em\u00a0.<\/p>\n<p>A Bolsa de TT-3 tem valor de R$ 1.195,60 e \u00e9 direcionada a alunos graduados do n\u00edvel superior, sem reprova\u00e7\u00f5es em seu hist\u00f3rico escolar e sem v\u00ednculo empregat\u00edcio, com dedica\u00e7\u00e3o de 16 a 40 horas semanais \u00e0s atividades de apoio ao projeto de pesquisa. O tempo de bolsa TT-3 ser\u00e1 descontado no caso de o interessado vir a usufruir de Bolsa de Mestrado ou Doutorado Direto.<\/p>\n<p>Mais informa\u00e7\u00f5es sobre as Bolsas de Treinamento T\u00e9cnico est\u00e3o dispon\u00edveis em\u00a0.<\/p>\n<p>Outras vagas de bolsas, em diversas \u00e1reas do conhecimento, est\u00e3o no site FAPESP-Oportunidades, em\u00a0.<\/p>\n","protected":false},"excerpt":{"rendered":"<p>Ag\u00eancia FAPESP\u00a0\u2013 O projeto \u201c\u201d, conduzido no Instituto de Qu\u00edmica de S\u00e3o Carlos da USP, oferece uma oportunidade de Treinamento T\u00e9cnico n\u00edvel tr\u00eas (TT-3), com Bolsa da FAPESP. O prazo de inscri\u00e7\u00e3o termina no dia 10 de dezembro de 2017. O bolsista exercer\u00e1 atividades tais como organiza\u00e7\u00e3o do laborat\u00f3rio de pesquisa, prepara\u00e7\u00e3o de listas de [&hellip;]<\/p>\n","protected":false},"author":2,"featured_media":37419,"comment_status":"closed","ping_status":"closed","sticky":false,"template":"","format":"standard","meta":{"tdm_status":"","tdm_grid_status":"","footnotes":""},"categories":[22,351,370],"tags":[],"class_list":{"0":"post-127677","1":"post","2":"type-post","3":"status-publish","4":"format-standard","5":"has-post-thumbnail","7":"category-brasil","8":"category-cursos","9":"category-inscricao"},"_links":{"self":[{"href":"https:\/\/migracao.redenoticia.com.br\/noticia\/wp-json\/wp\/v2\/posts\/127677","targetHints":{"allow":["GET"]}}],"collection":[{"href":"https:\/\/migracao.redenoticia.com.br\/noticia\/wp-json\/wp\/v2\/posts"}],"about":[{"href":"https:\/\/migracao.redenoticia.com.br\/noticia\/wp-json\/wp\/v2\/types\/post"}],"author":[{"embeddable":true,"href":"https:\/\/migracao.redenoticia.com.br\/noticia\/wp-json\/wp\/v2\/users\/2"}],"replies":[{"embeddable":true,"href":"https:\/\/migracao.redenoticia.com.br\/noticia\/wp-json\/wp\/v2\/comments?post=127677"}],"version-history":[{"count":0,"href":"https:\/\/migracao.redenoticia.com.br\/noticia\/wp-json\/wp\/v2\/posts\/127677\/revisions"}],"wp:featuredmedia":[{"embeddable":true,"href":"https:\/\/migracao.redenoticia.com.br\/noticia\/wp-json\/wp\/v2\/media\/37419"}],"wp:attachment":[{"href":"https:\/\/migracao.redenoticia.com.br\/noticia\/wp-json\/wp\/v2\/media?parent=127677"}],"wp:term":[{"taxonomy":"category","embeddable":true,"href":"https:\/\/migracao.redenoticia.com.br\/noticia\/wp-json\/wp\/v2\/categories?post=127677"},{"taxonomy":"post_tag","embeddable":true,"href":"https:\/\/migracao.redenoticia.com.br\/noticia\/wp-json\/wp\/v2\/tags?post=127677"}],"curies":[{"name":"wp","href":"https:\/\/api.w.org\/{rel}","templated":true}]}}