{"id":1277,"date":"2009-05-06T19:12:00","date_gmt":"2009-05-06T23:12:00","guid":{"rendered":"http:\/\/www.redenoticia.com.br\/noticia\/?p=1277"},"modified":"2009-05-06T19:12:00","modified_gmt":"2009-05-06T23:12:00","slug":"agevisa-faz-barreira-sanitaria-nos-aeroportos-em-rondonia","status":"publish","type":"post","link":"https:\/\/migracao.redenoticia.com.br\/noticia\/2009\/agevisa-faz-barreira-sanitaria-nos-aeroportos-em-rondonia\/1277","title":{"rendered":"Agevisa faz barreira sanit\u00e1ria nos aeroportos em Rond\u00f4nia"},"content":{"rendered":"<p class=\"MsoNormal\" style=\"line-height: 10.5pt;\"><span style=\"font-size: 9pt; font-family: Verdana; color: #666666;\">Os integrantes do Comit\u00ea de Emerg\u00eancia para casos de alerta \u00e0s pandemias, compostos por representantes de entidades como a Ag\u00eancia Nacional de Vigil\u00e2ncia em Sa\u00fade (Anvisa), Ag\u00eancia Estadual de Vigil\u00e2ncia em Sa\u00fade (Agevisa), Laborat\u00f3rio Central, Centro de Medicina Tropical de Rond\u00f4nia (Cemetron) reuniram-se na manh\u00e3 da \u00faltima ter\u00e7a-feira (5) para darem conhecimento ao secret\u00e1rio de Estado da Sa\u00fade, Milton Moreira, sobre os procedimentos adotados por aquele comit\u00ea no acompanhamento da chegada de Bras\u00edlia no aeroporto Jorge Teixeira de Oliveira, de Viliane da Silva Aguiar e sua filha, Ana Hilda, de um ano e sete meses, procedentes de Barcelona, na Espanha, que haviam sido anteriormente retidas pela Anvisa em Bras\u00edlia, com suspeita de gripe Influenza tipo A. <\/span><\/p>\n<p style=\"line-height: 10.5pt;\"><span style=\"font-size: 10pt; font-family: Verdana; color: #666666;\"><!--[if gte vml 1]><v:shapetype  id=\"_x0000_t75\" coordsize=\"21600,21600\" o:spt=\"75\" o:preferrelative=\"t\"  path=\"m@4@5l@4@11@9@11@9@5xe\" filled=\"f\" stroked=\"f\"> <v:stroke joinstyle=\"miter\" \/> <v:formulas> <v:f eqn=\"if lineDrawn pixelLineWidth 0\" \/> <v:f eqn=\"sum @0 1 0\" \/> <v:f eqn=\"sum 0 0 @1\" \/> <v:f eqn=\"prod @2 1 2\" \/> <v:f eqn=\"prod @3 21600 pixelWidth\" \/> <v:f eqn=\"prod @3 21600 pixelHeight\" \/> <v:f eqn=\"sum @0 0 1\" \/> <v:f eqn=\"prod @6 1 2\" \/> <v:f eqn=\"prod @7 21600 pixelWidth\" \/> <v:f eqn=\"sum @8 21600 0\" \/> <v:f eqn=\"prod @7 21600 pixelHeight\" \/> <v:f eqn=\"sum @10 21600 0\" \/> <\/v:formulas> <v:path o:extrusionok=\"f\" gradientshapeok=\"t\" o:connecttype=\"rect\" \/> <o:lock v:ext=\"edit\" aspectratio=\"t\" \/> <\/v:shapetype><v:shape id=\"_x0000_i1025\" type=\"#_x0000_t75\" alt=\"\" style='width:.75pt;  height:.75pt'> <v:imagedata src=\"file:\/\/\/C:\\DOCUME~1\\Nova\\CONFIG~1\\Temp\\msohtml1\\01\\clip_image001.gif\"   o:href=\"http:\/\/www.rondonia.ro.gov.br\/imagens-site\/spacer.gif\" \/> <\/v:shape><![endif]--><!--[if !vml]-->O respons\u00e1vel pela Ger\u00eancia de Vigil\u00e2ncia Epidemiol\u00f3gica (GTVAE) da Agevisa, Marcos Ferreira, disse que foi informado ainda no domingo (3) por volta de 14 horas, pelo chefe da Anvisa local, Manoel Amaro, que m\u00e3e e filha com suspeita de Influenza A estariam desembarcando no v\u00f4o da madrugada de domingo para segunda, mas, na mesma tarde, Manoel Amaro havia sido informado pelo gerente-geral de portos\u00a0 e Aeroportos da Anvisa, Paulo Coury, do cancelamento da vinda.<\/span><span style=\"font-size: 9pt; font-family: Verdana; color: #666666;\"><\/span><\/p>\n<p style=\"line-height: 10.5pt;\"><span style=\"font-size: 10pt; font-family: Verdana; color: #666666;\">S\u00f3 na tarde de segunda-feira (4), por volta das 15h30, que, segundo Marcos, Manoel Amaro teria voltado a confirmar que m\u00e3e e filha desembarcariam na madrugada de segunda para ter\u00e7a em Porto Velho em torno de 01h10. Segundo ele, foi feito contato imediato com a Anvisa para conhecer o motivo da libera\u00e7\u00e3o da crian\u00e7a, antes que o material coletado para exame no Distrito Federal pudesse ter apresentado algum resultado positivo ou descartada a hip\u00f3tese de Influenza A. Na ocasi\u00e3o, teria sido informado que os sintomas da crian\u00e7a haviam melhorado e que podiam seguir viagem. <\/span><span style=\"font-size: 9pt; font-family: Verdana; color: #666666;\"><\/span><\/p>\n<p style=\"line-height: 10.5pt;\"><strong><span style=\"font-size: 10pt; font-family: Verdana; color: #666666;\">Recep\u00e7\u00e3o e barreira sanit\u00e1ria<\/span><\/strong><span style=\"font-size: 9pt; font-family: Verdana; color: #666666;\"><\/span><\/p>\n<p style=\"line-height: 10.5pt;\"><span style=\"font-size: 10pt; font-family: Verdana; color: #666666;\">Diante das informa\u00e7\u00f5es da Anvisa nacional, Marcos Ferreira diz que o comit\u00ea montou uma estrat\u00e9gia de recep\u00e7\u00e3o ao v\u00f4o da TAM, sendo que junto ao staff do aeroporto optaram por deslocar a aeronave para o setor de desembarque internacional que n\u00e3o tem movimento naquele hor\u00e1rio, para evitar poss\u00edveis tumultos. Montaram um local para cadastramento dos demais passageiros e a ambul\u00e2ncia do Samu para recepcionar e conduzir a m\u00e3e e a filha para deslocamento \u00e0 casa de parentes, onde permanecem em quarentena domiciliar recomendada pela Anvisa, al\u00e9m das demais recomenda\u00e7\u00f5es pertinentes. <\/span><span style=\"font-size: 9pt; font-family: Verdana; color: #666666;\"><\/span><\/p>\n<p style=\"line-height: 10.5pt;\"><span style=\"font-size: 10pt; font-family: Verdana; color: #666666;\">Marcos Ferreira informou ainda que teria feito contato com o comandante da aeronave ainda em pleno v\u00f4o, cerca de vinte minutos antes do desembarque, questionando se havia algum paciente com requisi\u00e7\u00e3o de acompanhamento especial naquele v\u00f4o, para o que foi informado somente da exist\u00eancia de um casal de idosos. At\u00e9 aquele momento o comandante n\u00e3o havia sido informado do prosseguimento da viagem de Viliane e de sua filha Ana Hilda. Disse, por\u00e9m, que a crian\u00e7a deveria estar portando m\u00e1scara. Posteriormente a m\u00e3e foi localizada na aeronave e ela, sim, usava a m\u00e1scara. Segundo Marcos, o comandante teria ficado surpreso com o alerta, embora tenha informado que havia questionado aos passageiros sob alguma suspeita antes do v\u00f4o decolar no DF. <\/span><span style=\"font-size: 9pt; font-family: Verdana; color: #666666;\"><\/span><\/p>\n<p style=\"line-height: 10.5pt;\"><span style=\"font-size: 10pt; font-family: Verdana; color: #666666;\">Para que m\u00e3e e filha n\u00e3o fossem constrangidas, elas desembarcaram primeiro e seguiram na ambul\u00e2ncia do Samu e foram encaminhadas ao Centro de Medicina Tropical de Rond\u00f4nia (Cemetron), numa unidade que foi ampliada para atender pacientes que necessitem de aten\u00e7\u00e3o espec\u00edfica em unidade de isolamento. Os 153 passageiros receberam orienta\u00e7\u00e3o e m\u00e1scaras de prote\u00e7\u00e3o ainda antes de desembarcarem da aeronave. Posteriormente foram cadastrados. <\/span><span style=\"font-size: 9pt; font-family: Verdana; color: #666666;\"><\/span><\/p>\n<p style=\"line-height: 10.5pt;\"><strong><span style=\"font-size: 10pt; font-family: Verdana; color: #666666;\">Alerta<\/span><\/strong><span style=\"font-size: 9pt; font-family: Verdana; color: #666666;\"><\/span><\/p>\n<p style=\"line-height: 10.5pt;\"><span style=\"font-size: 10pt; font-family: Verdana; color: #666666;\">No Brasil, at\u00e9 o momento, n\u00e3o foram confirmados casos da doen\u00e7a. Os respons\u00e1veis pelo comit\u00ea alertam \u00e0 popula\u00e7\u00e3o para que fique atenta mas que, evite situa\u00e7\u00f5es indesejadas de p\u00e2nico, uma vez que as autoridades sanit\u00e1rias est\u00e3o preparadas para acompanhar os poss\u00edveis casos. O Estado de Rond\u00f4nia disp\u00f5e de dois Centros de Informa\u00e7\u00f5es Estrat\u00e9gicas e Resposta em Vigil\u00e2ncia em Sa\u00fade (Rede CIEVS) em atividade para apoiar os servi\u00e7os de vigil\u00e2ncia em Sa\u00fade e unidades de aten\u00e7\u00e3o no enfrentamento de emerg\u00eancias em Sa\u00fade P\u00fablica, que est\u00e3o dispon\u00edveis 24 horas ininterruptas, incluindo finais de semana e feriados.\u00a0 Para o CIEVS estadual o contato \u00e9: (69) 9979-0892 e municipal: 9981-0704. A notifica\u00e7\u00e3o de casos suspeitos tamb\u00e9m pode ser feita atrav\u00e9s da p\u00e1gina eletr\u00f4nica da Agevisa no endere\u00e7o: <\/span><span style=\"font-size: 9pt; font-family: Verdana; color: #666666;\"><span style=\"font-size: 10pt;\">www.agevisa.sefin.ro.gov.br<\/span><\/span><span style=\"font-size: 10pt; font-family: Verdana; color: #666666;\">. As pessoas devem se atentar ainda \u00e0s recomenda\u00e7\u00f5es de se evitar aglomera\u00e7\u00f5es e utiliza\u00e7\u00e3o comum de objetos de uso individual, como recomendam os boletins distribu\u00eddos em aeroportos e informar as autoridades sanit\u00e1rias em casos de suspeitas. <\/span><span style=\"font-size: 9pt; font-family: Verdana; color: #666666;\"><\/span><\/p>\n<p class=\"MsoNormal\"><span style=\"font-size: 7.5pt; font-family: Verdana;\"> <\/span><\/p>\n<p class=\"MsoNormal\"><span class=\"textonegrito101\"><span style=\"font-size: 7.5pt;\">Fonte: <\/span><\/span><span class=\"textoentrerodape1\"><span style=\"font-size: 7.5pt;\">A\/I SESAU &#8211; Secretaria de Estado da Sa\u00fade<\/span><\/span><span style=\"font-size: 7.5pt; font-family: Verdana;\"><\/span><\/p>\n","protected":false},"excerpt":{"rendered":"<p>Os integrantes do Comit\u00ea de Emerg\u00eancia para casos de alerta \u00e0s pandemias, compostos por representantes de entidades como a Ag\u00eancia Nacional de Vigil\u00e2ncia em Sa\u00fade (Anvisa), Ag\u00eancia Estadual de Vigil\u00e2ncia em Sa\u00fade (Agevisa), Laborat\u00f3rio Central, Centro de Medicina Tropical de Rond\u00f4nia (Cemetron) reuniram-se na manh\u00e3 da \u00faltima ter\u00e7a-feira (5) para darem conhecimento ao secret\u00e1rio de [&hellip;]<\/p>\n","protected":false},"author":3,"featured_media":0,"comment_status":"open","ping_status":"open","sticky":false,"template":"","format":"standard","meta":{"tdm_status":"","tdm_grid_status":"","footnotes":""},"categories":[22],"tags":[],"class_list":{"0":"post-1277","1":"post","2":"type-post","3":"status-publish","4":"format-standard","6":"category-brasil"},"_links":{"self":[{"href":"https:\/\/migracao.redenoticia.com.br\/noticia\/wp-json\/wp\/v2\/posts\/1277","targetHints":{"allow":["GET"]}}],"collection":[{"href":"https:\/\/migracao.redenoticia.com.br\/noticia\/wp-json\/wp\/v2\/posts"}],"about":[{"href":"https:\/\/migracao.redenoticia.com.br\/noticia\/wp-json\/wp\/v2\/types\/post"}],"author":[{"embeddable":true,"href":"https:\/\/migracao.redenoticia.com.br\/noticia\/wp-json\/wp\/v2\/users\/3"}],"replies":[{"embeddable":true,"href":"https:\/\/migracao.redenoticia.com.br\/noticia\/wp-json\/wp\/v2\/comments?post=1277"}],"version-history":[{"count":0,"href":"https:\/\/migracao.redenoticia.com.br\/noticia\/wp-json\/wp\/v2\/posts\/1277\/revisions"}],"wp:attachment":[{"href":"https:\/\/migracao.redenoticia.com.br\/noticia\/wp-json\/wp\/v2\/media?parent=1277"}],"wp:term":[{"taxonomy":"category","embeddable":true,"href":"https:\/\/migracao.redenoticia.com.br\/noticia\/wp-json\/wp\/v2\/categories?post=1277"},{"taxonomy":"post_tag","embeddable":true,"href":"https:\/\/migracao.redenoticia.com.br\/noticia\/wp-json\/wp\/v2\/tags?post=1277"}],"curies":[{"name":"wp","href":"https:\/\/api.w.org\/{rel}","templated":true}]}}