{"id":127893,"date":"2017-12-08T00:24:49","date_gmt":"2017-12-08T02:24:49","guid":{"rendered":"https:\/\/www.redenoticia.com.br\/noticia\/?p=127893"},"modified":"2017-12-08T00:27:23","modified_gmt":"2017-12-08T02:27:23","slug":"a-fazenda-votacao-nos-finalistas-flavia-marcos-e-matheus-movimenta-a-enquete","status":"publish","type":"post","link":"https:\/\/migracao.redenoticia.com.br\/noticia\/2017\/a-fazenda-votacao-nos-finalistas-flavia-marcos-e-matheus-movimenta-a-enquete\/127893","title":{"rendered":"&#8220;A Fazenda&#8221; Nova Chance: vota\u00e7\u00e3o em Fl\u00e1via, Marcos e Matheus movimentou a enquete"},"content":{"rendered":"<p><img loading=\"lazy\" decoding=\"async\" class=\"alignleft size-thumbnail wp-image-120579\" src=\"https:\/\/migracao.redenoticia.com.br\/noticia\/imagens\/a_fazenda_record_nova_chance_2017-150x112.jpg\" alt=\"\" width=\"150\" height=\"112\" srcset=\"https:\/\/migracao.redenoticia.com.br\/noticia\/imagens\/a_fazenda_record_nova_chance_2017-150x112.jpg 150w, https:\/\/migracao.redenoticia.com.br\/noticia\/imagens\/a_fazenda_record_nova_chance_2017-265x198.jpg 265w\" sizes=\"auto, (max-width: 150px) 100vw, 150px\" \/><strong><em>\u201cA Fazenda\u201d vota\u00e7\u00e3o na enquete:<\/em><\/strong> Fl\u00e1via conquistou o grande pr\u00eamio desta edi\u00e7\u00e3o do reality. A peoa recebeu 56,37% dos votos do p\u00fablico. Marcos ficou na segunda posi\u00e7\u00e3o. Matheus ficou em terceiro. &#8230; A defini\u00e7\u00e3o dos finalistas desta temporada come\u00e7ou na segunda-feira (04\/12), ap\u00f3s a divulga\u00e7\u00e3o da elimina\u00e7\u00e3o da Rita. Logo depois, os pe\u00f5es enfrentaram v\u00e1rios obst\u00e1culos. Matheus venceu a disputa e conquistou a primeira vaga de finalista do reality. Fl\u00e1via, Marcos e Monick se enfrentaram na \u00faltima ro\u00e7a da temporada. Monick recebeu apenas 11,18% dos votos do p\u00fablico e foi eliminada. Fl\u00e1via, Marcos e Matheus disputaram a prefer\u00eancia do p\u00fablico para vencerem &#8220;A Fazenda&#8221;. <\/p>\n<p><script type=\"text\/javascript\" charset=\"utf-8\" src=\"https:\/\/secure.polldaddy.com\/p\/9891137.js\"><\/script><br \/>\n<noscript><\/noscript><\/p>\n<p>Resultado parcial (06\/12 00h26) &#8211; Marcos 51,82%; Fl\u00e1via 44,28%; Matheus 3,90%. Total de Votos: 1.206.<br \/>\nResultado parcial (06\/12 20h50) &#8211; Marcos 65,68%; Fl\u00e1via 29,81%; Matheus 4,51%. Total de Votos: 37.918.<br \/>\nResultado parcial (07\/12 00h56) &#8211; Marcos 67,28%; Fl\u00e1via 28,43%; Matheus 4,28%. Total de Votos: 50.654.<br \/>\nResultado parcial (07\/12 16h39) &#8211; Marcos 68,43%; Fl\u00e1via 27,31%; Matheus 4,25%. Total de Votos: 68.413.<br \/>\nResultado final (08\/12 00h05) &#8211; Marcos 68,16%; Fl\u00e1via 26,72%; Matheus 5,12%. Total de Votos: 96.602.<\/p>\n<p>O voto v\u00e1lido foi registrado no portal oficial do programa &#8220;A Fazenda\u201d Rede Record.<\/p>\n<p>&#8212;<\/p>\n<p>Pe\u00f5es &#8220;A Fazenda&#8221; Nova Chance:<\/p>\n<p>Finalistas: Matheus Lisboa; Fl\u00e1via Viana; Marcos Harter.<\/p>\n<p>Rede Record &#8220;A Fazenda&#8221; Nova Chance<\/p>\n<p>&#8212;<\/p>\n<p>A nona temporada do programa \u00e9 apresentada por Roberto Justus, com dire\u00e7\u00e3o geral de Rodrigo Carelli.<\/p>\n<p>A Fazenda &#8211; Os 16 ex-participantes foram selecionados de edi\u00e7\u00f5es passadas de A Fazenda, Big Brother Brasil, A Casa, Power Couple, Aprendiz Celebridades e MasterChef Brasil, mas algumas t\u00e1ticas ser\u00e3o usadas para surpreend\u00ea-los.<\/p>\n<p>Nova premia\u00e7\u00e3o: s\u00e3o R$ 2 milh\u00f5es que ser\u00e3o disputados ao longo do confinamento. Um pr\u00eamio de R$ 1,5 milh\u00e3o para o vencedor e mais R$ 500 mil em pr\u00eamios que v\u00e3o ser disputados ao longo da temporada.<\/p>\n","protected":false},"excerpt":{"rendered":"<p>\u201cA Fazenda\u201d vota\u00e7\u00e3o na enquete: Fl\u00e1via conquistou o grande pr\u00eamio desta edi\u00e7\u00e3o do reality. A peoa recebeu 56,37% dos votos do p\u00fablico. Marcos ficou na segunda posi\u00e7\u00e3o. Matheus ficou em terceiro. &#8230; A defini\u00e7\u00e3o dos finalistas desta temporada come\u00e7ou na segunda-feira (04\/12), ap\u00f3s a divulga\u00e7\u00e3o da elimina\u00e7\u00e3o da Rita. Logo depois, os pe\u00f5es enfrentaram v\u00e1rios [&hellip;]<\/p>\n","protected":false},"author":2,"featured_media":120579,"comment_status":"open","ping_status":"closed","sticky":false,"template":"","format":"standard","meta":{"tdm_status":"","tdm_grid_status":"","footnotes":""},"categories":[406,371,343],"tags":[440],"class_list":{"0":"post-127893","1":"post","2":"type-post","3":"status-publish","4":"format-standard","5":"has-post-thumbnail","7":"category-a-fazenda","8":"category-rede-record","9":"category-televisao","10":"tag-noticia-novela"},"_links":{"self":[{"href":"https:\/\/migracao.redenoticia.com.br\/noticia\/wp-json\/wp\/v2\/posts\/127893","targetHints":{"allow":["GET"]}}],"collection":[{"href":"https:\/\/migracao.redenoticia.com.br\/noticia\/wp-json\/wp\/v2\/posts"}],"about":[{"href":"https:\/\/migracao.redenoticia.com.br\/noticia\/wp-json\/wp\/v2\/types\/post"}],"author":[{"embeddable":true,"href":"https:\/\/migracao.redenoticia.com.br\/noticia\/wp-json\/wp\/v2\/users\/2"}],"replies":[{"embeddable":true,"href":"https:\/\/migracao.redenoticia.com.br\/noticia\/wp-json\/wp\/v2\/comments?post=127893"}],"version-history":[{"count":0,"href":"https:\/\/migracao.redenoticia.com.br\/noticia\/wp-json\/wp\/v2\/posts\/127893\/revisions"}],"wp:featuredmedia":[{"embeddable":true,"href":"https:\/\/migracao.redenoticia.com.br\/noticia\/wp-json\/wp\/v2\/media\/120579"}],"wp:attachment":[{"href":"https:\/\/migracao.redenoticia.com.br\/noticia\/wp-json\/wp\/v2\/media?parent=127893"}],"wp:term":[{"taxonomy":"category","embeddable":true,"href":"https:\/\/migracao.redenoticia.com.br\/noticia\/wp-json\/wp\/v2\/categories?post=127893"},{"taxonomy":"post_tag","embeddable":true,"href":"https:\/\/migracao.redenoticia.com.br\/noticia\/wp-json\/wp\/v2\/tags?post=127893"}],"curies":[{"name":"wp","href":"https:\/\/api.w.org\/{rel}","templated":true}]}}