{"id":127936,"date":"2017-12-06T03:50:04","date_gmt":"2017-12-06T05:50:04","guid":{"rendered":"https:\/\/www.redenoticia.com.br\/noticia\/?p=127936"},"modified":"2017-12-08T00:50:37","modified_gmt":"2017-12-08T02:50:37","slug":"novela-os-dez-mandamentos-resumo-07-12-karoma-sofre-com-as-saidas-de-ikeni","status":"publish","type":"post","link":"https:\/\/migracao.redenoticia.com.br\/noticia\/2017\/novela-os-dez-mandamentos-resumo-07-12-karoma-sofre-com-as-saidas-de-ikeni\/127936","title":{"rendered":"Novela \u201cOs Dez Mandamentos\u201d resumo 07\/12: Menahem conta que encontrou Bet\u00e2nia"},"content":{"rendered":"<p> <img loading=\"lazy\" decoding=\"async\" src=\"https:\/\/migracao.redenoticia.com.br\/noticia\/imagens\/resumo_novela_os_dez_mandamentos_record-150x112.jpg\" alt=\"\" width=\"150\" height=\"112\" class=\"alignleft size-thumbnail wp-image-68037\" srcset=\"https:\/\/migracao.redenoticia.com.br\/noticia\/imagens\/resumo_novela_os_dez_mandamentos_record-150x112.jpg 150w, https:\/\/migracao.redenoticia.com.br\/noticia\/imagens\/resumo_novela_os_dez_mandamentos_record-265x198.jpg 265w\" sizes=\"auto, (max-width: 150px) 100vw, 150px\" \/><em><strong>Novela \u201cOs Dez Mandamentos\u201d resumo 07\/12<\/strong><\/em>: no capitulo 098 (*) da novela \u201cOs Dez Mandamentos\u201d, quinta-feira, 07 de dezembro, Jetro se junta a Mois\u00e9s e lamenta a aus\u00eancia de Bet\u00e2nia junto \u00e0 fam\u00edlia. Mois\u00e9s tenta confort\u00e1-lo. Os dois conversam e Jetro, com sua sabedoria, responde aos questionamentos do hebreu. Ar\u00e3o, sem a revolta habitual, questiona a Deus a raz\u00e3o pela qual os hebreus passam por tanto sofrimento e n\u00e3o percebe que seu clamor se une ao do seu povo. Menahem conta para a fam\u00edlia da esposa que encontrou Bet\u00e2nia. Jaque e Mois\u00e9s se mostram surpresos ao saber que Bet\u00e2nia continua levando a vida nas ruas. Cor\u00e1 percebe a presen\u00e7a de Ana e Judite na reuni\u00e3o e se aproxima com o intuito de constrang\u00ea-las na frente dos demais, j\u00e1 que Oseias foi castigado por Apuki. Oseias troca um olhar decepcionado com Calebe com a descoberta. Judite tenta consolar Ana e a jovem revela estar apaixonada pelo hebreu. Gahiji e Chibale ouvem, impactados, as ordens que Rams\u00e9s d\u00e1 a Bakenmut para punir Oseias. Ikeni vai at\u00e9 a casa de Joquebede para cumprir as ordens do fara\u00f3 e Oseias n\u00e3o demonstra resist\u00eancia. Ele \u00e9 colocado exposto, com os p\u00e9s e m\u00e3os amarrados, para sofrer at\u00e9 a morte.<\/p>\n<p>Anr\u00e3o n\u00e3o aceita a situa\u00e7\u00e3o e vai at\u00e9 o pal\u00e1cio falar com o fara\u00f3. Rams\u00e9s \u00e9 avisado por Bakenmut e Ikeni sobre a presen\u00e7a de Anr\u00e3o. O fara\u00f3 manda expulsar o hebreu, mesmo com os pedidos de Henutmire para apenas ouvi-lo. A fam\u00edlia de Oseias assiste o sofrimento do rapaz sem nada poder fazer. Eliseba se desespera e tenta dar \u00e1gua ao filho, mas \u00e9 impedida por um oficial. Henutmire vai at\u00e9 o port\u00e3o do pal\u00e1cio ao encontro de Anr\u00e3o e ouve com surpresa o pedido do hebreu. Anr\u00e3o implora a Henutmire salvar a vida de Oseias. Henutmire diz que n\u00e3o pode ajudar, mas Anr\u00e3o insiste. Henutmire diz ent\u00e3o que ir\u00e1 falar com o fara\u00f3, mas n\u00e3o pode garantir que o rei ir\u00e1 preservar a vida do hebreu. Apuki observa o choro de Ana e pergunta o que aconteceu. Sem saber o que responder, a mo\u00e7a diz que torceu o p\u00e9. Judite conversa com Ana e diz para a filha que Apuki ficar\u00e1 muito bravo se descobrir que ela chorava por causa de Os\u00e9ias.<\/p>\n<p>Eliseba se desespera ao ver Oseias arramado e sendo torturado. Ar\u00e3o sofre muito com a situa\u00e7\u00e3o do filho e vai at\u00e9 Oseias, mas \u00e9 interrompido pelos guardas. Ar\u00e3o insiste em se despedir do filho e os guarda consentem. Oseias diz que Deus foi muito bom em dar-lhe uma boa fam\u00edlia e fala para seu pai adotivo que se tiver que morrer, morrer\u00e1 em paz.<\/p>\n<p>(*) edi\u00e7\u00e3o da Rede Record, Novela \u201cOs Dez Mandamentos\u201d, sujeito a altera\u00e7\u00e3o de data e conte\u00fado.<\/p>\n<p>\u201cOs Dez Mandamentos\u201d \u00e9 uma telenovela brasileira produzida e exibida pela RecordTV, tendo sua primeira temporada exibida entre 23 de mar\u00e7o e 23 de novembro de 2015 em 176 cap\u00edtulos, substituindo Vit\u00f3ria, e sendo substitu\u00edda pela reprise de Rei Davi. A segunda temporada foi produzida pela Casablanca e exibida de 04 de abril a 04 de julho de 2016 em 66 cap\u00edtulos, substituindo a reprise de Sans\u00e3o e Dalila e sendo substitu\u00edda por A Terra Prometida.<\/p>\n","protected":false},"excerpt":{"rendered":"<p>Novela \u201cOs Dez Mandamentos\u201d resumo 07\/12: no capitulo 098 (*) da novela \u201cOs Dez Mandamentos\u201d, quinta-feira, 07 de dezembro, Jetro se junta a Mois\u00e9s e lamenta a aus\u00eancia de Bet\u00e2nia junto \u00e0 fam\u00edlia. Mois\u00e9s tenta confort\u00e1-lo. Os dois conversam e Jetro, com sua sabedoria, responde aos questionamentos do hebreu. Ar\u00e3o, sem a revolta habitual, questiona [&hellip;]<\/p>\n","protected":false},"author":2,"featured_media":68037,"comment_status":"closed","ping_status":"closed","sticky":false,"template":"","format":"standard","meta":{"tdm_status":"","tdm_grid_status":"","footnotes":""},"categories":[379,424,371,343],"tags":[441],"class_list":{"0":"post-127936","1":"post","2":"type-post","3":"status-publish","4":"format-standard","5":"has-post-thumbnail","7":"category-novelas","8":"category-os-dez-mandamentos","9":"category-rede-record","10":"category-televisao","11":"tag-resumo-do-dia"},"_links":{"self":[{"href":"https:\/\/migracao.redenoticia.com.br\/noticia\/wp-json\/wp\/v2\/posts\/127936","targetHints":{"allow":["GET"]}}],"collection":[{"href":"https:\/\/migracao.redenoticia.com.br\/noticia\/wp-json\/wp\/v2\/posts"}],"about":[{"href":"https:\/\/migracao.redenoticia.com.br\/noticia\/wp-json\/wp\/v2\/types\/post"}],"author":[{"embeddable":true,"href":"https:\/\/migracao.redenoticia.com.br\/noticia\/wp-json\/wp\/v2\/users\/2"}],"replies":[{"embeddable":true,"href":"https:\/\/migracao.redenoticia.com.br\/noticia\/wp-json\/wp\/v2\/comments?post=127936"}],"version-history":[{"count":0,"href":"https:\/\/migracao.redenoticia.com.br\/noticia\/wp-json\/wp\/v2\/posts\/127936\/revisions"}],"wp:featuredmedia":[{"embeddable":true,"href":"https:\/\/migracao.redenoticia.com.br\/noticia\/wp-json\/wp\/v2\/media\/68037"}],"wp:attachment":[{"href":"https:\/\/migracao.redenoticia.com.br\/noticia\/wp-json\/wp\/v2\/media?parent=127936"}],"wp:term":[{"taxonomy":"category","embeddable":true,"href":"https:\/\/migracao.redenoticia.com.br\/noticia\/wp-json\/wp\/v2\/categories?post=127936"},{"taxonomy":"post_tag","embeddable":true,"href":"https:\/\/migracao.redenoticia.com.br\/noticia\/wp-json\/wp\/v2\/tags?post=127936"}],"curies":[{"name":"wp","href":"https:\/\/api.w.org\/{rel}","templated":true}]}}