{"id":127943,"date":"2017-12-06T03:53:17","date_gmt":"2017-12-06T05:53:17","guid":{"rendered":"https:\/\/www.redenoticia.com.br\/noticia\/?p=127943"},"modified":"2017-12-06T03:53:33","modified_gmt":"2017-12-06T05:53:33","slug":"programa-de-pos-graduacao-em-quimica-do-iqsc-usp-abre-inscricoes","status":"publish","type":"post","link":"https:\/\/migracao.redenoticia.com.br\/noticia\/2017\/programa-de-pos-graduacao-em-quimica-do-iqsc-usp-abre-inscricoes\/127943","title":{"rendered":"Programa de P\u00f3s-Gradua\u00e7\u00e3o em Qu\u00edmica do IQSC-USP abre inscri\u00e7\u00f5es"},"content":{"rendered":"<p> Ag\u00eancia FAPESP\u00a0\u2013 A Comiss\u00e3o de P\u00f3s-Gradua\u00e7\u00e3o (CPG) do Instituto de Qu\u00edmica de S\u00e3o Carlos (IQSC) da USP est\u00e1 com inscri\u00e7\u00f5es abertas at\u00e9 dia 10 de dezembro de 2017 para o processo seletivo de ingresso no primeiro semestre de 2018 em seu Programa de <strong><em>P\u00f3s-Gradua\u00e7\u00e3o em Qu\u00edmica<\/em><\/strong>.<\/p>\n<p>As vagas dispon\u00edveis s\u00e3o para mestrado, doutorado e doutorado direto, em tr\u00eas \u00e1reas de concentra\u00e7\u00e3o: F\u00edsico-Qu\u00edmica, Qu\u00edmica Anal\u00edtica e Inorg\u00e2nica e Qu\u00edmica Org\u00e2nica e Biol\u00f3gica. Os interessados devem se inscrever pelo\u00a0, em seguida dever\u00e3o preencher os formul\u00e1rios, solicitar o aval do orientador pretendido, comprovando sua disponibilidade de vagas, e entregar no Servi\u00e7o de P\u00f3s-Gradua\u00e7\u00e3o (av. Trabalhador S\u00e3o-Carlense, 400, S\u00e3o Carlos, SP).<\/p>\n<p>Para o processo seletivo, o candidato poder\u00e1 optar por fazer a prova da\u00a0\u00a0(GRE) Chemistry ou prestar prova escrita aplicada pelo IQSC. Os candidatos que apresentarem o resultado do GRE Chemistry ser\u00e3o classificados de acordo com a pontua\u00e7\u00e3o obtida. Os candidatos que optarem pela prova escrita aplicada pelo IQSC dever\u00e3o pagar uma taxa de R$ 60.<\/p>\n<p>O processo seletivo tamb\u00e9m ter\u00e1 a an\u00e1lise de curr\u00edculo, que levar\u00e1 em conta o Curriculum Lattes e o hist\u00f3rico escolar. Al\u00e9m disso, ser\u00e3o avaliados certificados de profici\u00eancia em l\u00edngua inglesa.<\/p>\n<p>A classifica\u00e7\u00e3o dos candidatos aprovados ser\u00e1 divulgada no dia 9 de fevereiro de 2018, por meio do site do Servi\u00e7o de P\u00f3s-Gradua\u00e7\u00e3o do IQSC. O in\u00edcio das matr\u00edculas ser\u00e1 em 16 de fevereiro.<\/p>\n<p>Mais informa\u00e7\u00f5es sobre as inscri\u00e7\u00f5es e o processo seletivo pelo edital, dispon\u00edvel no\u00a0.<\/p>\n","protected":false},"excerpt":{"rendered":"<p>Ag\u00eancia FAPESP\u00a0\u2013 A Comiss\u00e3o de P\u00f3s-Gradua\u00e7\u00e3o (CPG) do Instituto de Qu\u00edmica de S\u00e3o Carlos (IQSC) da USP est\u00e1 com inscri\u00e7\u00f5es abertas at\u00e9 dia 10 de dezembro de 2017 para o processo seletivo de ingresso no primeiro semestre de 2018 em seu Programa de P\u00f3s-Gradua\u00e7\u00e3o em Qu\u00edmica. As vagas dispon\u00edveis s\u00e3o para mestrado, doutorado e doutorado [&hellip;]<\/p>\n","protected":false},"author":2,"featured_media":28951,"comment_status":"closed","ping_status":"closed","sticky":false,"template":"","format":"standard","meta":{"tdm_status":"","tdm_grid_status":"","footnotes":""},"categories":[22,351,370],"tags":[],"class_list":{"0":"post-127943","1":"post","2":"type-post","3":"status-publish","4":"format-standard","5":"has-post-thumbnail","7":"category-brasil","8":"category-cursos","9":"category-inscricao"},"_links":{"self":[{"href":"https:\/\/migracao.redenoticia.com.br\/noticia\/wp-json\/wp\/v2\/posts\/127943","targetHints":{"allow":["GET"]}}],"collection":[{"href":"https:\/\/migracao.redenoticia.com.br\/noticia\/wp-json\/wp\/v2\/posts"}],"about":[{"href":"https:\/\/migracao.redenoticia.com.br\/noticia\/wp-json\/wp\/v2\/types\/post"}],"author":[{"embeddable":true,"href":"https:\/\/migracao.redenoticia.com.br\/noticia\/wp-json\/wp\/v2\/users\/2"}],"replies":[{"embeddable":true,"href":"https:\/\/migracao.redenoticia.com.br\/noticia\/wp-json\/wp\/v2\/comments?post=127943"}],"version-history":[{"count":0,"href":"https:\/\/migracao.redenoticia.com.br\/noticia\/wp-json\/wp\/v2\/posts\/127943\/revisions"}],"wp:featuredmedia":[{"embeddable":true,"href":"https:\/\/migracao.redenoticia.com.br\/noticia\/wp-json\/wp\/v2\/media\/28951"}],"wp:attachment":[{"href":"https:\/\/migracao.redenoticia.com.br\/noticia\/wp-json\/wp\/v2\/media?parent=127943"}],"wp:term":[{"taxonomy":"category","embeddable":true,"href":"https:\/\/migracao.redenoticia.com.br\/noticia\/wp-json\/wp\/v2\/categories?post=127943"},{"taxonomy":"post_tag","embeddable":true,"href":"https:\/\/migracao.redenoticia.com.br\/noticia\/wp-json\/wp\/v2\/tags?post=127943"}],"curies":[{"name":"wp","href":"https:\/\/api.w.org\/{rel}","templated":true}]}}