{"id":127947,"date":"2017-12-06T03:54:39","date_gmt":"2017-12-06T05:54:39","guid":{"rendered":"https:\/\/www.redenoticia.com.br\/noticia\/?p=127947"},"modified":"2017-12-06T03:54:39","modified_gmt":"2017-12-06T05:54:39","slug":"tt-3-em-biologia-molecular-no-instituto-butantan-com-bolsa-da-fapesp","status":"publish","type":"post","link":"https:\/\/migracao.redenoticia.com.br\/noticia\/2017\/tt-3-em-biologia-molecular-no-instituto-butantan-com-bolsa-da-fapesp\/127947","title":{"rendered":"TT-3 em Biologia Molecular no Instituto Butantan com bolsa da FAPESP"},"content":{"rendered":"<p> Ag\u00eancia FAPESP\u00a0\u2013 O Laborat\u00f3rio de Biof\u00e1rmacos em C\u00e9lulas Animais do Instituto Butantan oferece uma oportunidade de <strong><em>Treinamento T\u00e9cnico<\/em><\/strong> (TT-3) em Biologia Molecular com Bolsa da FAPESP. Os interessados devem inscrever-se at\u00e9 o dia 15 de dezembro.<\/p>\n<p>A oportunidade est\u00e1 vinculada ao Projeto Tem\u00e1tico\u00a0, que tem Ana Maria Moro como pesquisadora principal.<\/p>\n<p>O bolsista selecionado atuar\u00e1 no projeto \u201cObten\u00e7\u00e3o de anticorpos monoclonais recombinantes\u201d com \u00eanfase em t\u00e9cnicas de Biologia Molecular.<\/p>\n<p>Os interessados devem enviar carta de apresenta\u00e7\u00e3o indicando a raz\u00e3o do interesse, curriculum vitae e hist\u00f3rico escolar para o e-mail\u00a0lilian.tsuruta@butantan.gov.br. Ser\u00e1 dada prioridade aos candidatos que apresentarem indica\u00e7\u00f5es de professores\/pesquisadores, cujos contatos devem ser indicados.<\/p>\n<p>A oportunidade est\u00e1 publicada em\u00a0.<\/p>\n<p>A Bolsa de TT-3 tem valor de R$ 1.195,60 e \u00e9 direcionada para alunos graduados do n\u00edvel superior, sem reprova\u00e7\u00f5es em seu hist\u00f3rico escolar e sem v\u00ednculo empregat\u00edcio, com dedica\u00e7\u00e3o de 16 a 40 horas semanais \u00e0s atividades de apoio ao projeto de pesquisa. O tempo de bolsa TT-3 ser\u00e1 descontado no caso de o interessado vir a usufruir de Bolsa de Mestrado ou Doutorado Direto.<\/p>\n<p>Para mais informa\u00e7\u00f5es sobre as bolsas de Treinamento T\u00e9cnico acesse\u00a0<\/p>\n<p>Outras vagas de bolsas, em diversas \u00e1reas do conhecimento, est\u00e3o no site FAPESP-Oportunidades, em\u00a0.<\/p>\n","protected":false},"excerpt":{"rendered":"<p>Ag\u00eancia FAPESP\u00a0\u2013 O Laborat\u00f3rio de Biof\u00e1rmacos em C\u00e9lulas Animais do Instituto Butantan oferece uma oportunidade de Treinamento T\u00e9cnico (TT-3) em Biologia Molecular com Bolsa da FAPESP. Os interessados devem inscrever-se at\u00e9 o dia 15 de dezembro. A oportunidade est\u00e1 vinculada ao Projeto Tem\u00e1tico\u00a0, que tem Ana Maria Moro como pesquisadora principal. O bolsista selecionado atuar\u00e1 [&hellip;]<\/p>\n","protected":false},"author":2,"featured_media":36246,"comment_status":"closed","ping_status":"closed","sticky":false,"template":"","format":"standard","meta":{"tdm_status":"","tdm_grid_status":"","footnotes":""},"categories":[22,351,370],"tags":[],"class_list":{"0":"post-127947","1":"post","2":"type-post","3":"status-publish","4":"format-standard","5":"has-post-thumbnail","7":"category-brasil","8":"category-cursos","9":"category-inscricao"},"_links":{"self":[{"href":"https:\/\/migracao.redenoticia.com.br\/noticia\/wp-json\/wp\/v2\/posts\/127947","targetHints":{"allow":["GET"]}}],"collection":[{"href":"https:\/\/migracao.redenoticia.com.br\/noticia\/wp-json\/wp\/v2\/posts"}],"about":[{"href":"https:\/\/migracao.redenoticia.com.br\/noticia\/wp-json\/wp\/v2\/types\/post"}],"author":[{"embeddable":true,"href":"https:\/\/migracao.redenoticia.com.br\/noticia\/wp-json\/wp\/v2\/users\/2"}],"replies":[{"embeddable":true,"href":"https:\/\/migracao.redenoticia.com.br\/noticia\/wp-json\/wp\/v2\/comments?post=127947"}],"version-history":[{"count":0,"href":"https:\/\/migracao.redenoticia.com.br\/noticia\/wp-json\/wp\/v2\/posts\/127947\/revisions"}],"wp:featuredmedia":[{"embeddable":true,"href":"https:\/\/migracao.redenoticia.com.br\/noticia\/wp-json\/wp\/v2\/media\/36246"}],"wp:attachment":[{"href":"https:\/\/migracao.redenoticia.com.br\/noticia\/wp-json\/wp\/v2\/media?parent=127947"}],"wp:term":[{"taxonomy":"category","embeddable":true,"href":"https:\/\/migracao.redenoticia.com.br\/noticia\/wp-json\/wp\/v2\/categories?post=127947"},{"taxonomy":"post_tag","embeddable":true,"href":"https:\/\/migracao.redenoticia.com.br\/noticia\/wp-json\/wp\/v2\/tags?post=127947"}],"curies":[{"name":"wp","href":"https:\/\/api.w.org\/{rel}","templated":true}]}}