{"id":128173,"date":"2017-12-08T00:34:13","date_gmt":"2017-12-08T02:34:13","guid":{"rendered":"https:\/\/www.redenoticia.com.br\/noticia\/?p=128173"},"modified":"2017-12-08T00:34:13","modified_gmt":"2017-12-08T02:34:13","slug":"procon-sp-tem-palestras-que-orientam-consumidores","status":"publish","type":"post","link":"https:\/\/migracao.redenoticia.com.br\/noticia\/2017\/procon-sp-tem-palestras-que-orientam-consumidores\/128173","title":{"rendered":"Procon-SP tem palestras que orientam consumidores"},"content":{"rendered":"<p> A Funda\u00e7\u00e3o Procon-SP oferece regularmente <strong><em>palestras gratuitas aos consumidores<\/em><\/strong> com o objetivo de orientar e ajudar nas finan\u00e7as da popula\u00e7\u00e3o. Para o m\u00eas de dezembro as vagas e inscri\u00e7\u00f5es j\u00e1 est\u00e3o abertas. Os interessados podem conferir os temas, hor\u00e1rios e detalhes das atividades.<\/p>\n<p>Para fazer a inscri\u00e7\u00e3o \u00e9 necess\u00e1rio entrar no site do Procon.SP (), escolher uma ou mais palestras e preencher com os dados pessoais.<\/p>\n<h4>Palestra \u2013 Orienta\u00e7\u00e3o Financeira<\/h4>\n<p>Realiza\u00e7\u00e3o: Diretoria de Estudos e Pesquisas<\/p>\n<p>Quando: Quinta-feira ( 7), das 9 \u00e0s 11h<\/p>\n<p>Onde: Rua Barra Funda, 930 \u2013 1\u00ba andar \u2013 sala 111 \u2013 Barra Funda \u2013 S\u00e3o Paulo\/SP<\/p>\n<h4>Palestra \u2013 Direitos B\u00e1sicos do Consumidor<\/h4>\n<p>Realiza\u00e7\u00e3o: Diretoria de Estudos e Pesquisas<\/p>\n<p>Quando: Quinta-feira (14), das 9 \u00e0s 11h<\/p>\n<p>Onde: Rua Barra Funda, 930 \u2013 1\u00ba andar \u2013 sala 111\u2013 Barra Funda \u2013 S\u00e3o Paulo\/SP<\/p>\n<h4>Palestra \u201cD\u00edvidas e D\u00favidas\u201d<\/h4>\n<p>Realiza\u00e7\u00e3o: N\u00facleo de Tratamento do Superendividamento<\/p>\n<p>Quando: Ter\u00e7a-feira (12), das 9h \u00e0s 12h e das 14h \u00e0s 17h<\/p>\n<p>Onde: Audit\u00f3rio da Funda\u00e7\u00e3o Procon (Rua Barra Funda, 930 \u2013 1\u00ba andar \u2013 sala 111 \u2013 Barra Funda \u2013 S\u00e3o Paulo\/SP).<\/p>\n<p>As inscri\u00e7\u00f5es tamb\u00e9m podem ser feitas pelo telefone (11) 3824-7069, das 9h \u00e0s 17h.<\/p>\n<h4>Veja\u00a0\u00a0outras palestras sobre o tema de dezembro.<\/h4>\n<p>Do Portal do Governo SP<\/p>\n","protected":false},"excerpt":{"rendered":"<p>A Funda\u00e7\u00e3o Procon-SP oferece regularmente palestras gratuitas aos consumidores com o objetivo de orientar e ajudar nas finan\u00e7as da popula\u00e7\u00e3o. Para o m\u00eas de dezembro as vagas e inscri\u00e7\u00f5es j\u00e1 est\u00e3o abertas. Os interessados podem conferir os temas, hor\u00e1rios e detalhes das atividades. Para fazer a inscri\u00e7\u00e3o \u00e9 necess\u00e1rio entrar no site do Procon.SP (), [&hellip;]<\/p>\n","protected":false},"author":2,"featured_media":28951,"comment_status":"closed","ping_status":"closed","sticky":false,"template":"","format":"standard","meta":{"tdm_status":"","tdm_grid_status":"","footnotes":""},"categories":[22,351,370],"tags":[],"class_list":{"0":"post-128173","1":"post","2":"type-post","3":"status-publish","4":"format-standard","5":"has-post-thumbnail","7":"category-brasil","8":"category-cursos","9":"category-inscricao"},"_links":{"self":[{"href":"https:\/\/migracao.redenoticia.com.br\/noticia\/wp-json\/wp\/v2\/posts\/128173","targetHints":{"allow":["GET"]}}],"collection":[{"href":"https:\/\/migracao.redenoticia.com.br\/noticia\/wp-json\/wp\/v2\/posts"}],"about":[{"href":"https:\/\/migracao.redenoticia.com.br\/noticia\/wp-json\/wp\/v2\/types\/post"}],"author":[{"embeddable":true,"href":"https:\/\/migracao.redenoticia.com.br\/noticia\/wp-json\/wp\/v2\/users\/2"}],"replies":[{"embeddable":true,"href":"https:\/\/migracao.redenoticia.com.br\/noticia\/wp-json\/wp\/v2\/comments?post=128173"}],"version-history":[{"count":0,"href":"https:\/\/migracao.redenoticia.com.br\/noticia\/wp-json\/wp\/v2\/posts\/128173\/revisions"}],"wp:featuredmedia":[{"embeddable":true,"href":"https:\/\/migracao.redenoticia.com.br\/noticia\/wp-json\/wp\/v2\/media\/28951"}],"wp:attachment":[{"href":"https:\/\/migracao.redenoticia.com.br\/noticia\/wp-json\/wp\/v2\/media?parent=128173"}],"wp:term":[{"taxonomy":"category","embeddable":true,"href":"https:\/\/migracao.redenoticia.com.br\/noticia\/wp-json\/wp\/v2\/categories?post=128173"},{"taxonomy":"post_tag","embeddable":true,"href":"https:\/\/migracao.redenoticia.com.br\/noticia\/wp-json\/wp\/v2\/tags?post=128173"}],"curies":[{"name":"wp","href":"https:\/\/api.w.org\/{rel}","templated":true}]}}