{"id":128443,"date":"2017-12-11T00:41:50","date_gmt":"2017-12-11T02:41:50","guid":{"rendered":"https:\/\/www.redenoticia.com.br\/noticia\/?p=128443"},"modified":"2017-12-11T00:41:50","modified_gmt":"2017-12-11T02:41:50","slug":"mestrado-em-epidemiologia-com-bolsa-da-fapesp","status":"publish","type":"post","link":"https:\/\/migracao.redenoticia.com.br\/noticia\/2017\/mestrado-em-epidemiologia-com-bolsa-da-fapesp\/128443","title":{"rendered":"Mestrado em Epidemiologia com bolsa da FAPESP"},"content":{"rendered":"<p> Ag\u00eancia FAPESP\u00a0\u2013 Uma oportunidade de <strong><em>mestrado com bolsa da FAPESP<\/em><\/strong> est\u00e1 dispon\u00edvel no N\u00facleo de Apoio \u00e0 Pesquisa e \u00e0 Doc\u00eancia da Faculdade de Medicina de Jundia\u00ed. O prazo de inscri\u00e7\u00e3o termina no dia 15 de dezembro de 2017. A bolsa est\u00e1 vinculada ao projeto\u00a0.<\/p>\n<p>A pesquisa analisar\u00e1 comorbidades, dor, funcionalidade e v\u00e1rias outras vari\u00e1veis visando definir fatores de risco para a osteoartrite em uma popula\u00e7\u00e3o brasileira. O objetivo \u00e9 identificar causas gen\u00e9ticas e metab\u00f3licas de osteoartrite. O estudante de mestrado ir\u00e1 desenvolver habilidades em diferentes aspectos da epidemiologia cl\u00ednica.<\/p>\n<p>Os interessados em se inscrever para a vaga dever\u00e3o enviar e-mail para a coordenadora do projeto,\u00a0\u00a0(naped@fmj.br).<\/p>\n<p>Mais informa\u00e7\u00f5es sobre a vaga est\u00e3o dispon\u00edveis em\u00a0.<\/p>\n<p>Para informa\u00e7\u00f5es sobre bolsas de mestrado acesse\u00a0.<\/p>\n<p>Outras vagas de bolsas, em diversas \u00e1reas do conhecimento, est\u00e3o no site FAPESP-Oportunidades, em\u00a0.<\/p>\n","protected":false},"excerpt":{"rendered":"<p>Ag\u00eancia FAPESP\u00a0\u2013 Uma oportunidade de mestrado com bolsa da FAPESP est\u00e1 dispon\u00edvel no N\u00facleo de Apoio \u00e0 Pesquisa e \u00e0 Doc\u00eancia da Faculdade de Medicina de Jundia\u00ed. O prazo de inscri\u00e7\u00e3o termina no dia 15 de dezembro de 2017. A bolsa est\u00e1 vinculada ao projeto\u00a0. A pesquisa analisar\u00e1 comorbidades, dor, funcionalidade e v\u00e1rias outras vari\u00e1veis [&hellip;]<\/p>\n","protected":false},"author":2,"featured_media":37376,"comment_status":"closed","ping_status":"closed","sticky":false,"template":"","format":"standard","meta":{"tdm_status":"","tdm_grid_status":"","footnotes":""},"categories":[22,351,370],"tags":[],"class_list":{"0":"post-128443","1":"post","2":"type-post","3":"status-publish","4":"format-standard","5":"has-post-thumbnail","7":"category-brasil","8":"category-cursos","9":"category-inscricao"},"_links":{"self":[{"href":"https:\/\/migracao.redenoticia.com.br\/noticia\/wp-json\/wp\/v2\/posts\/128443","targetHints":{"allow":["GET"]}}],"collection":[{"href":"https:\/\/migracao.redenoticia.com.br\/noticia\/wp-json\/wp\/v2\/posts"}],"about":[{"href":"https:\/\/migracao.redenoticia.com.br\/noticia\/wp-json\/wp\/v2\/types\/post"}],"author":[{"embeddable":true,"href":"https:\/\/migracao.redenoticia.com.br\/noticia\/wp-json\/wp\/v2\/users\/2"}],"replies":[{"embeddable":true,"href":"https:\/\/migracao.redenoticia.com.br\/noticia\/wp-json\/wp\/v2\/comments?post=128443"}],"version-history":[{"count":0,"href":"https:\/\/migracao.redenoticia.com.br\/noticia\/wp-json\/wp\/v2\/posts\/128443\/revisions"}],"wp:featuredmedia":[{"embeddable":true,"href":"https:\/\/migracao.redenoticia.com.br\/noticia\/wp-json\/wp\/v2\/media\/37376"}],"wp:attachment":[{"href":"https:\/\/migracao.redenoticia.com.br\/noticia\/wp-json\/wp\/v2\/media?parent=128443"}],"wp:term":[{"taxonomy":"category","embeddable":true,"href":"https:\/\/migracao.redenoticia.com.br\/noticia\/wp-json\/wp\/v2\/categories?post=128443"},{"taxonomy":"post_tag","embeddable":true,"href":"https:\/\/migracao.redenoticia.com.br\/noticia\/wp-json\/wp\/v2\/tags?post=128443"}],"curies":[{"name":"wp","href":"https:\/\/api.w.org\/{rel}","templated":true}]}}