{"id":128453,"date":"2017-12-11T00:45:47","date_gmt":"2017-12-11T02:45:47","guid":{"rendered":"https:\/\/www.redenoticia.com.br\/noticia\/?p=128453"},"modified":"2017-12-11T00:45:47","modified_gmt":"2017-12-11T02:45:47","slug":"regioes-de-sorocaba-e-itapeva-recebem-padaria-artesanal","status":"publish","type":"post","link":"https:\/\/migracao.redenoticia.com.br\/noticia\/2017\/regioes-de-sorocaba-e-itapeva-recebem-padaria-artesanal\/128453","title":{"rendered":"Regi\u00f5es de Sorocaba e Itapeva recebem Padaria Artesanal"},"content":{"rendered":"<p> As regi\u00f5es de Sorocaba e Itapeva receberam tr\u00eas novos Polos Regionais da <strong><em>Padaria Artesanal<\/em><\/strong>. Com as novas estruturas a popula\u00e7\u00e3o pode fazer curso de especializa\u00e7\u00e3o e com isso adquirir uma nova profiss\u00e3o. A presidente do Fundo Social de Solidariedade do Estado de S\u00e3o Paulo, Lu Alckmin, esteve nos munic\u00edpios de S\u00e3o Miguel Arcanjo, Cap\u00e3o Bonito e Buri para a inaugura\u00e7\u00e3o da 18\u00aa, da 19\u00aa e da 20\u00aa unidade. At\u00e9 o in\u00edcio de 2018, ao todo, 39 unidades do projeto estar\u00e3o em funcionamento em todo o Estado de S\u00e3o Paulo.<\/p>\n<p>Com mais de 97 mil pessoas qualificadas desde 2011, o projeto da Padaria Artesanal ganha gradativamente novas receitas. Desde 2001, quando o projeto foi criado, apenas 10 tipos de p\u00e3es eram ensinados na padaria artesanal. A partir de agora tamb\u00e9m ser\u00e3o ministrados cursos de p\u00e3o de mel e bem casado, colomba pascal e panetone, cookie gourmet, tortas e quibe.<\/p>\n<p>\u201cOs Polos n\u00e3o s\u00f3 qualificar\u00e3o as pessoas do pr\u00f3prio munic\u00edpio, mas do entorno tamb\u00e9m. As cidades que tiverem interesse poder\u00e3o enviar os seus monitores para que eles aprendam as novas receitas. Assim poder\u00e3o ensin\u00e1-las em suas comunidades\u201d, destacou Lu Alckmin.<\/p>\n<p>Para o funcionamento do Polo, o munic\u00edpio recebe repasse financeiro, equipamentos e utens\u00edlios. Tamb\u00e9m recebe qualifica\u00e7\u00e3o de quatro dias do professor da sede do Fundo Social de Solidariedade, em S\u00e3o Paulo.<\/p>\n<p>Mais informa\u00e7\u00f5es sobre os cursos no Polo Regional de Sorocaba e Itapeva da Padaria Artesanal podem ser obtidas pelos telefones. Em S\u00e3o Miguel do Arcanjo pelo telefone (15) 3279-4245, Cap\u00e3o Bonito (15) 3542-5034 e Buri (15) 3546-2411.<\/p>\n<p>Do Portal do Governo SP<\/p>\n","protected":false},"excerpt":{"rendered":"<p>As regi\u00f5es de Sorocaba e Itapeva receberam tr\u00eas novos Polos Regionais da Padaria Artesanal. Com as novas estruturas a popula\u00e7\u00e3o pode fazer curso de especializa\u00e7\u00e3o e com isso adquirir uma nova profiss\u00e3o. A presidente do Fundo Social de Solidariedade do Estado de S\u00e3o Paulo, Lu Alckmin, esteve nos munic\u00edpios de S\u00e3o Miguel Arcanjo, Cap\u00e3o Bonito [&hellip;]<\/p>\n","protected":false},"author":2,"featured_media":28951,"comment_status":"closed","ping_status":"closed","sticky":false,"template":"","format":"standard","meta":{"tdm_status":"","tdm_grid_status":"","footnotes":""},"categories":[22,351,370],"tags":[],"class_list":{"0":"post-128453","1":"post","2":"type-post","3":"status-publish","4":"format-standard","5":"has-post-thumbnail","7":"category-brasil","8":"category-cursos","9":"category-inscricao"},"_links":{"self":[{"href":"https:\/\/migracao.redenoticia.com.br\/noticia\/wp-json\/wp\/v2\/posts\/128453","targetHints":{"allow":["GET"]}}],"collection":[{"href":"https:\/\/migracao.redenoticia.com.br\/noticia\/wp-json\/wp\/v2\/posts"}],"about":[{"href":"https:\/\/migracao.redenoticia.com.br\/noticia\/wp-json\/wp\/v2\/types\/post"}],"author":[{"embeddable":true,"href":"https:\/\/migracao.redenoticia.com.br\/noticia\/wp-json\/wp\/v2\/users\/2"}],"replies":[{"embeddable":true,"href":"https:\/\/migracao.redenoticia.com.br\/noticia\/wp-json\/wp\/v2\/comments?post=128453"}],"version-history":[{"count":0,"href":"https:\/\/migracao.redenoticia.com.br\/noticia\/wp-json\/wp\/v2\/posts\/128453\/revisions"}],"wp:featuredmedia":[{"embeddable":true,"href":"https:\/\/migracao.redenoticia.com.br\/noticia\/wp-json\/wp\/v2\/media\/28951"}],"wp:attachment":[{"href":"https:\/\/migracao.redenoticia.com.br\/noticia\/wp-json\/wp\/v2\/media?parent=128453"}],"wp:term":[{"taxonomy":"category","embeddable":true,"href":"https:\/\/migracao.redenoticia.com.br\/noticia\/wp-json\/wp\/v2\/categories?post=128453"},{"taxonomy":"post_tag","embeddable":true,"href":"https:\/\/migracao.redenoticia.com.br\/noticia\/wp-json\/wp\/v2\/tags?post=128453"}],"curies":[{"name":"wp","href":"https:\/\/api.w.org\/{rel}","templated":true}]}}