{"id":128458,"date":"2017-12-11T00:48:28","date_gmt":"2017-12-11T02:48:28","guid":{"rendered":"https:\/\/www.redenoticia.com.br\/noticia\/?p=128458"},"modified":"2017-12-11T00:48:28","modified_gmt":"2017-12-11T02:48:28","slug":"as-aguas-medicinais-de-monte-alegre-do-sul","status":"publish","type":"post","link":"https:\/\/migracao.redenoticia.com.br\/noticia\/2017\/as-aguas-medicinais-de-monte-alegre-do-sul\/128458","title":{"rendered":"As \u00e1guas medicinais de Monte Alegre do Sul"},"content":{"rendered":"<p> Imposs\u00edvel n\u00e3o se encantar pela <strong><em>Est\u00e2ncia Hidromineral de Monte Alegre do Sul<\/em><\/strong>, pequena cidade de 7 mil habitantes, na maioria descendentes de italianos, que est\u00e1 localizada no Vale do Camanducaia e que faz parte dos 11 munic\u00edpios do grupo do Circuito das \u00c1guas do Estado de SP.<\/p>\n<p>Monte Alegre do Sul uma cidade normalmente pacata, mas que se transforma na \u00e9poca de Carnaval. A festa \u00e9 considerada como uma das mais animadas do Interior de S\u00e3o Paulo.<\/p>\n<p>Para quem mora na Grande S\u00e3o Paulo, chegar at\u00e9 Monte Alegre do Sul \u00e9 relativamente f\u00e1cil. A dist\u00e2ncia n\u00e3o \u00e9 muito longa (140 km da capital). Portanto, \u00e9 perfeitamente poss\u00edvel trocar a agita\u00e7\u00e3o por um relaxante final de semana no campo.<\/p>\n<p>O acesso pode ser feito pelas vias Fern\u00e3o Dias, Anhanguera, Bandeirantes e Dom Pedro. A cidade fica pr\u00f3xima de outros munic\u00edpios tamb\u00e9m classificados como est\u00e2ncias hidrominerais como Amparo, Serra Negra e Socorro.<\/p>\n<p>Cercada pelas belas paisagens de serras, entre as quais a Serra de Caraguat\u00e1, e pr\u00f3ximo das margens do Rio Camanducaia, a cidade tem entre as suas atra\u00e7\u00f5es tur\u00edsticas a qualidade de suas \u00e1guas medicinais. Das muitas fontes, dez ficam em pleno centro. H\u00e1 ainda o Balne\u00e1rio Municipal, que oferece banhos de espuma e imers\u00e3o, hidromassagem, ducha escocesa e circular e saunas \u00famida e seca.<\/p>\n<p>Uma das fontes de \u00e1gua mais procuradas \u00e9 a Fonte Bom Jesus, devido \u00e0s propriedades medicinais de suas \u00e1guas indicadas para a cura de diversas doen\u00e7as como enfermidades de pele, artrose e artrite.<\/p>\n<p>O Centro da Cidade tem como ponto forte a arquitetura dos casarios. Monte Alegre do Sul, foi fundada no in\u00edcio de 1.900. Um de seus patrim\u00f4nios \u00e9 o Santu\u00e1rio do Senhor Bom jesus, inaugurado em 1919, pr\u00f3ximo de onde \u00e9 celebrada a festa do padroeiro da cidade, todos os anos, em agosto.<\/p>\n<p>Outra atra\u00e7\u00e3o tur\u00edstica \u00e9 a Cachoeira da Andorinhas. Com a sua queda d\u2019\u00e1gua de dez metros, \u00e9 uma das mais procuradas do Rio Camanducaia. O espet\u00e1culo fica ainda mais bonito com a revoada das andorinhas, que no inverno ocorre no final da tarde e no ver\u00e3o \u00e0 noite.<\/p>\n<p>A produ\u00e7\u00e3o de cacha\u00e7a \u00e9 uma das atividades econ\u00f4micas da cidade, que tem mais de 20 alambiques. Monte Alegre do Sul tamb\u00e9m \u00e9 conhecida pelas culturas de caf\u00e9 e morango.<\/p>\n<p>Na antiga Fazenda Experimental foram plantadas as primeiras mudas de morango. Com \u00e1rea de 351,7 hectares \u00e9 a atual sede da Polo Regional Leste da Apta (Ag\u00eancia Paulista de Tecnologia dos Agroneg\u00f3cios), ligada \u00e0 Secretaria de Agricultura e Abastecimento do Estado.<\/p>\n<p>Do Portal do Governo SP<\/p>\n","protected":false},"excerpt":{"rendered":"<p>Imposs\u00edvel n\u00e3o se encantar pela Est\u00e2ncia Hidromineral de Monte Alegre do Sul, pequena cidade de 7 mil habitantes, na maioria descendentes de italianos, que est\u00e1 localizada no Vale do Camanducaia e que faz parte dos 11 munic\u00edpios do grupo do Circuito das \u00c1guas do Estado de SP. Monte Alegre do Sul uma cidade normalmente pacata, [&hellip;]<\/p>\n","protected":false},"author":2,"featured_media":39993,"comment_status":"closed","ping_status":"closed","sticky":false,"template":"","format":"standard","meta":{"tdm_status":"","tdm_grid_status":"","footnotes":""},"categories":[22],"tags":[],"class_list":{"0":"post-128458","1":"post","2":"type-post","3":"status-publish","4":"format-standard","5":"has-post-thumbnail","7":"category-brasil"},"_links":{"self":[{"href":"https:\/\/migracao.redenoticia.com.br\/noticia\/wp-json\/wp\/v2\/posts\/128458","targetHints":{"allow":["GET"]}}],"collection":[{"href":"https:\/\/migracao.redenoticia.com.br\/noticia\/wp-json\/wp\/v2\/posts"}],"about":[{"href":"https:\/\/migracao.redenoticia.com.br\/noticia\/wp-json\/wp\/v2\/types\/post"}],"author":[{"embeddable":true,"href":"https:\/\/migracao.redenoticia.com.br\/noticia\/wp-json\/wp\/v2\/users\/2"}],"replies":[{"embeddable":true,"href":"https:\/\/migracao.redenoticia.com.br\/noticia\/wp-json\/wp\/v2\/comments?post=128458"}],"version-history":[{"count":0,"href":"https:\/\/migracao.redenoticia.com.br\/noticia\/wp-json\/wp\/v2\/posts\/128458\/revisions"}],"wp:featuredmedia":[{"embeddable":true,"href":"https:\/\/migracao.redenoticia.com.br\/noticia\/wp-json\/wp\/v2\/media\/39993"}],"wp:attachment":[{"href":"https:\/\/migracao.redenoticia.com.br\/noticia\/wp-json\/wp\/v2\/media?parent=128458"}],"wp:term":[{"taxonomy":"category","embeddable":true,"href":"https:\/\/migracao.redenoticia.com.br\/noticia\/wp-json\/wp\/v2\/categories?post=128458"},{"taxonomy":"post_tag","embeddable":true,"href":"https:\/\/migracao.redenoticia.com.br\/noticia\/wp-json\/wp\/v2\/tags?post=128458"}],"curies":[{"name":"wp","href":"https:\/\/api.w.org\/{rel}","templated":true}]}}