{"id":128478,"date":"2017-12-11T15:52:40","date_gmt":"2017-12-11T17:52:40","guid":{"rendered":"https:\/\/www.redenoticia.com.br\/noticia\/?p=128478"},"modified":"2017-12-11T18:25:52","modified_gmt":"2017-12-11T20:25:52","slug":"resumo-novela-carinha-de-anjo-12-12-fabiana-e-dulce-falam-a-diana-sobre-o-plano","status":"publish","type":"post","link":"https:\/\/migracao.redenoticia.com.br\/noticia\/2017\/resumo-novela-carinha-de-anjo-12-12-fabiana-e-dulce-falam-a-diana-sobre-o-plano\/128478","title":{"rendered":"Resumo novela \u201cCarinha de Anjo\u201d 12\/12: Fabiana e Dulce falam \u00e0 Diana sobre um plano"},"content":{"rendered":"<p><img loading=\"lazy\" decoding=\"async\" class=\"alignleft size-thumbnail wp-image-99331\" src=\"https:\/\/migracao.redenoticia.com.br\/noticia\/imagens\/carinha_de_anjo_sbt_novela_resumo_capitulo-150x112.jpg\" alt=\"carinha_de_anjo_sbt_novela_resumo_capitulo\" width=\"150\" height=\"112\" srcset=\"https:\/\/migracao.redenoticia.com.br\/noticia\/imagens\/carinha_de_anjo_sbt_novela_resumo_capitulo-150x112.jpg 150w, https:\/\/migracao.redenoticia.com.br\/noticia\/imagens\/carinha_de_anjo_sbt_novela_resumo_capitulo-265x198.jpg 265w\" sizes=\"auto, (max-width: 150px) 100vw, 150px\" \/><strong><em>Resumo novela \u201cCarinha de Anjo\u201d 12\/12<\/em><\/strong>: no cap\u00edtulo 277(*) da novela \u201cCarinha de Anjo\u201d, resumo de ter\u00e7a-feira, 12 de dezembro, Vitor v\u00ea Estef\u00e2nia preparando o pr\u00f3ximo presente que enviar\u00e1 para Diana e diz que o plano pode dar errado, pois homens s\u00e3o orgulhosos. Cecilia e Gustavo conversam sobre trazer Dulce para morar de vez com eles depois do casamento. In\u00e1cio chega na casa de Diana com mais um presente enviado a ela por um an\u00f4nimo. Ele diz que jamais pensou que ela se envolveria com outro estando casada. Leonardo convida Silvana para almo\u00e7ar. In\u00e1cio e Diana brigam feio. Pascoal encontra In\u00e1cio cabisbaixo. Ele diz que sua esposa o traiu, por isso ele pedir\u00e1 demiss\u00e3o sair\u00e1 de casa. Cec\u00edlia vai \u00e0 casa de Diana e a encontra chorando. Diana diz que suspeita que a pessoa que est\u00e1 enviando os presentes quer acabar com seu relacionamento. Ela se levanta e sente uma tontura. Silvestre encontra um antigo \u00e1lbum de fotos da fam\u00edlia L\u00e1rios e mostra a foto de Leonardo adolescente para Franciely. Franciely acha a fisionomia dele familiar. Fabiana e Dulce v\u00e3o atr\u00e1s de Cec\u00edlia na casa de Diana. Chegando l\u00e1, elas confessam que foram elas que mandaram os presentes.<\/p>\n<p>(*) edi\u00e7\u00e3o do SBT, Novela \u201cCarinha de Anjo\u201d, sujeito a altera\u00e7\u00e3o de data e conte\u00fado.<\/p>\n<p>Carinha de Anjo \u00e9 uma telenovela brasileira produzida e exibida originalmente pelo SBT desde o dia 21 de novembro de 2016, substituindo o hor\u00e1rio anteriormente ocupado por C\u00famplices de um Resgate. A telenovela \u00e9 inspirada na mexicana Carita de \u00e1ngel, que, por sua vez, \u00e9 um remake de Mundo de juguete, ambas produzidas pela Televisa e que haviam sido baseadas na trama argentina escrita por Abel Santa Cruz, Pap\u00e1 coraz\u00f3n. Esta ser\u00e1 a segunda adapta\u00e7\u00e3o brasileira da obra original argentina, visto que a Rede Tupi apresentou em 1976 a sua primeira vers\u00e3o, chamada de Papai Cora\u00e7\u00e3o. A nova vers\u00e3o \u00e9 escrita por Leonor Corr\u00eaa, com supervis\u00e3o de \u00cdris Abravanel e dire\u00e7\u00e3o geral de Ricardo Mantoanelli. A trama conta com Lorena Queiroz, Bia Arantes, Carlo Porto, Priscila Sol, Dani Gondim, Karin Hils, Eliana Guttman e Lucero nos pap\u00e9is principais. <\/p>\n","protected":false},"excerpt":{"rendered":"<p>Resumo novela \u201cCarinha de Anjo\u201d 12\/12: no cap\u00edtulo 277(*) da novela \u201cCarinha de Anjo\u201d, resumo de ter\u00e7a-feira, 12 de dezembro, Vitor v\u00ea Estef\u00e2nia preparando o pr\u00f3ximo presente que enviar\u00e1 para Diana e diz que o plano pode dar errado, pois homens s\u00e3o orgulhosos. Cecilia e Gustavo conversam sobre trazer Dulce para morar de vez com [&hellip;]<\/p>\n","protected":false},"author":4,"featured_media":99331,"comment_status":"closed","ping_status":"closed","sticky":false,"template":"","format":"standard","meta":{"tdm_status":"","tdm_grid_status":"","footnotes":""},"categories":[452,379,372,343],"tags":[441],"class_list":{"0":"post-128478","1":"post","2":"type-post","3":"status-publish","4":"format-standard","5":"has-post-thumbnail","7":"category-carinha-de-anjo","8":"category-novelas","9":"category-sbt","10":"category-televisao","11":"tag-resumo-do-dia"},"_links":{"self":[{"href":"https:\/\/migracao.redenoticia.com.br\/noticia\/wp-json\/wp\/v2\/posts\/128478","targetHints":{"allow":["GET"]}}],"collection":[{"href":"https:\/\/migracao.redenoticia.com.br\/noticia\/wp-json\/wp\/v2\/posts"}],"about":[{"href":"https:\/\/migracao.redenoticia.com.br\/noticia\/wp-json\/wp\/v2\/types\/post"}],"author":[{"embeddable":true,"href":"https:\/\/migracao.redenoticia.com.br\/noticia\/wp-json\/wp\/v2\/users\/4"}],"replies":[{"embeddable":true,"href":"https:\/\/migracao.redenoticia.com.br\/noticia\/wp-json\/wp\/v2\/comments?post=128478"}],"version-history":[{"count":0,"href":"https:\/\/migracao.redenoticia.com.br\/noticia\/wp-json\/wp\/v2\/posts\/128478\/revisions"}],"wp:featuredmedia":[{"embeddable":true,"href":"https:\/\/migracao.redenoticia.com.br\/noticia\/wp-json\/wp\/v2\/media\/99331"}],"wp:attachment":[{"href":"https:\/\/migracao.redenoticia.com.br\/noticia\/wp-json\/wp\/v2\/media?parent=128478"}],"wp:term":[{"taxonomy":"category","embeddable":true,"href":"https:\/\/migracao.redenoticia.com.br\/noticia\/wp-json\/wp\/v2\/categories?post=128478"},{"taxonomy":"post_tag","embeddable":true,"href":"https:\/\/migracao.redenoticia.com.br\/noticia\/wp-json\/wp\/v2\/tags?post=128478"}],"curies":[{"name":"wp","href":"https:\/\/api.w.org\/{rel}","templated":true}]}}