{"id":128530,"date":"2017-12-11T18:37:36","date_gmt":"2017-12-11T20:37:36","guid":{"rendered":"https:\/\/www.redenoticia.com.br\/noticia\/?p=128530"},"modified":"2017-12-12T21:25:35","modified_gmt":"2017-12-12T23:25:35","slug":"novela-os-dez-mandamentos-resumo-12-12-joquebede-reclama-do-castigo","status":"publish","type":"post","link":"https:\/\/migracao.redenoticia.com.br\/noticia\/2017\/novela-os-dez-mandamentos-resumo-12-12-joquebede-reclama-do-castigo\/128530","title":{"rendered":"Novela \u201cOs Dez Mandamentos\u201d resumo 12\/12: Joquebede reclama do castigo"},"content":{"rendered":"<p> <img loading=\"lazy\" decoding=\"async\" src=\"https:\/\/migracao.redenoticia.com.br\/noticia\/imagens\/resumo_novela_os_dez_mandamentos_record-150x112.jpg\" alt=\"\" width=\"150\" height=\"112\" class=\"alignleft size-thumbnail wp-image-68037\" srcset=\"https:\/\/migracao.redenoticia.com.br\/noticia\/imagens\/resumo_novela_os_dez_mandamentos_record-150x112.jpg 150w, https:\/\/migracao.redenoticia.com.br\/noticia\/imagens\/resumo_novela_os_dez_mandamentos_record-265x198.jpg 265w\" sizes=\"auto, (max-width: 150px) 100vw, 150px\" \/><em><strong>Novela \u201cOs Dez Mandamentos\u201d resumo 12\/12<\/strong><\/em>: no capitulo 101 (*) da novela \u201cOs Dez Mandamentos\u201d, ter\u00e7a-feira, 12 de dezembro, Anr\u00e3o se desculpa e explica que a reuni\u00e3o \u00e9 para clamar o Deus dos hebreus. Bakenmut comunica que todos receber\u00e3o menos por\u00e7\u00f5es de trigo como forma de puni\u00e7\u00e3o. Ikeni ordena que todos retornem para casa. Joquebede reclama do castigo, por\u00e9m Bakenmut amea\u00e7a cortar a distribui\u00e7\u00e3o de comida caso haja um novo encontro. <\/p>\n<p>Ana sai escondida de Judite e vai atr\u00e1s de Oseias. Curiosos, Cor\u00e1 e Dat\u00e3 seguem para a reuni\u00e3o. Safira se entristece por Bina n\u00e3o perceber que Cor\u00e1 \u00e9 um mau-car\u00e1ter. Anr\u00e3o diz que n\u00e3o ir\u00e1 desistir e vai para rua implorar pela ajuda de Deus.<\/p>\n<p>Joquebede e Miri\u00e3 se juntam ao lamento com ele. Todos os hebreus ficam comovidos e rasgam as vestes como suplica pela liberdade. Ar\u00e3o ouve o alvoro\u00e7o provocado pelas ora\u00e7\u00f5es e fica impactado com a quantidade de pessoas louvando. <\/p>\n<p>(*) edi\u00e7\u00e3o da Rede Record, Novela \u201cOs Dez Mandamentos\u201d, sujeito a altera\u00e7\u00e3o de data e conte\u00fado.<\/p>\n<p>\u201cOs Dez Mandamentos\u201d \u00e9 uma telenovela brasileira produzida e exibida pela RecordTV, tendo sua primeira temporada exibida entre 23 de mar\u00e7o e 23 de novembro de 2015 em 176 cap\u00edtulos, substituindo Vit\u00f3ria, e sendo substitu\u00edda pela reprise de Rei Davi. A segunda temporada foi produzida pela Casablanca e exibida de 04 de abril a 04 de julho de 2016 em 66 cap\u00edtulos, substituindo a reprise de Sans\u00e3o e Dalila e sendo substitu\u00edda por A Terra Prometida.<\/p>\n","protected":false},"excerpt":{"rendered":"<p>Novela \u201cOs Dez Mandamentos\u201d resumo 12\/12: no capitulo 101 (*) da novela \u201cOs Dez Mandamentos\u201d, ter\u00e7a-feira, 12 de dezembro, Anr\u00e3o se desculpa e explica que a reuni\u00e3o \u00e9 para clamar o Deus dos hebreus. Bakenmut comunica que todos receber\u00e3o menos por\u00e7\u00f5es de trigo como forma de puni\u00e7\u00e3o. Ikeni ordena que todos retornem para casa. Joquebede [&hellip;]<\/p>\n","protected":false},"author":2,"featured_media":68037,"comment_status":"closed","ping_status":"closed","sticky":false,"template":"","format":"standard","meta":{"tdm_status":"","tdm_grid_status":"","footnotes":""},"categories":[379,424,371,343],"tags":[441],"class_list":{"0":"post-128530","1":"post","2":"type-post","3":"status-publish","4":"format-standard","5":"has-post-thumbnail","7":"category-novelas","8":"category-os-dez-mandamentos","9":"category-rede-record","10":"category-televisao","11":"tag-resumo-do-dia"},"_links":{"self":[{"href":"https:\/\/migracao.redenoticia.com.br\/noticia\/wp-json\/wp\/v2\/posts\/128530","targetHints":{"allow":["GET"]}}],"collection":[{"href":"https:\/\/migracao.redenoticia.com.br\/noticia\/wp-json\/wp\/v2\/posts"}],"about":[{"href":"https:\/\/migracao.redenoticia.com.br\/noticia\/wp-json\/wp\/v2\/types\/post"}],"author":[{"embeddable":true,"href":"https:\/\/migracao.redenoticia.com.br\/noticia\/wp-json\/wp\/v2\/users\/2"}],"replies":[{"embeddable":true,"href":"https:\/\/migracao.redenoticia.com.br\/noticia\/wp-json\/wp\/v2\/comments?post=128530"}],"version-history":[{"count":0,"href":"https:\/\/migracao.redenoticia.com.br\/noticia\/wp-json\/wp\/v2\/posts\/128530\/revisions"}],"wp:featuredmedia":[{"embeddable":true,"href":"https:\/\/migracao.redenoticia.com.br\/noticia\/wp-json\/wp\/v2\/media\/68037"}],"wp:attachment":[{"href":"https:\/\/migracao.redenoticia.com.br\/noticia\/wp-json\/wp\/v2\/media?parent=128530"}],"wp:term":[{"taxonomy":"category","embeddable":true,"href":"https:\/\/migracao.redenoticia.com.br\/noticia\/wp-json\/wp\/v2\/categories?post=128530"},{"taxonomy":"post_tag","embeddable":true,"href":"https:\/\/migracao.redenoticia.com.br\/noticia\/wp-json\/wp\/v2\/tags?post=128530"}],"curies":[{"name":"wp","href":"https:\/\/api.w.org\/{rel}","templated":true}]}}