{"id":128554,"date":"2017-12-12T00:21:53","date_gmt":"2017-12-12T02:21:53","guid":{"rendered":"https:\/\/www.redenoticia.com.br\/noticia\/?p=128554"},"modified":"2017-12-12T00:21:53","modified_gmt":"2017-12-12T02:21:53","slug":"projeto-guri-sp-tem-mais-de-9-mil-vagas-gratuitas-no-interior-e-litoral","status":"publish","type":"post","link":"https:\/\/migracao.redenoticia.com.br\/noticia\/2017\/projeto-guri-sp-tem-mais-de-9-mil-vagas-gratuitas-no-interior-e-litoral\/128554","title":{"rendered":"Projeto Guri SP tem mais de 9 mil vagas gratuitas no interior e litoral"},"content":{"rendered":"<p> O <strong><em>Projeto Guri<\/em><\/strong> est\u00e1 com inscri\u00e7\u00f5es abertas at\u00e9 o dia 15 de dezembro para 9.004 vagas para cursos gratuitos de instrumentos musicais, canto coral e inicia\u00e7\u00e3o musical, em mais de 280 polos de ensino no interior e litoral do Estado.\u00a0<\/p>\n<p>O programa que atende mais de 49 mil alunos por ano possui centros de educa\u00e7\u00e3o musical nas regi\u00f5es de Ara\u00e7atuba, Itapeva, Mar\u00edlia, Jundia\u00ed, Presidente Prudente, S\u00e3o Jos\u00e9 do Rio Preto, S\u00e3o Jos\u00e9 dos Campos, Ribeir\u00e3o Preto, S\u00e3o Carlos, S\u00e3o Paulo e Sorocaba.<\/p>\n<p>N\u00e3o \u00e9 preciso ter conhecimento pr\u00e9vio de m\u00fasica, nem possuir instrumento ou realizar testes seletivos. O in\u00edcio das aulas ocorre de acordo com a data de matr\u00edcula de cada aluno.<\/p>\n<p>Para realizar a matr\u00edcula \u00e9 necess\u00e1rio ter entre 6 e 18 anos incompletos e comparecer diretamente ao polo em que deseja estudar, acompanhado pelo respons\u00e1vel, com Certid\u00e3o de Nascimento ou RG do aluno (original e c\u00f3pia); Comprovante de matr\u00edcula escolar e\/ou declara\u00e7\u00e3o de frequ\u00eancia escolar; RG do respons\u00e1vel (original e c\u00f3pia); Apresenta\u00e7\u00e3o do comprovante de endere\u00e7o para consulta.<\/p>\n<p>Para mais informa\u00e7\u00f5es sobre os cursos oferecidos no polo da cidade de interesse, endere\u00e7o e hor\u00e1rio de funcionamento, acesse o\u00a0.<\/p>\n<p>Do Portal do Governo SP<\/p>\n","protected":false},"excerpt":{"rendered":"<p>O Projeto Guri est\u00e1 com inscri\u00e7\u00f5es abertas at\u00e9 o dia 15 de dezembro para 9.004 vagas para cursos gratuitos de instrumentos musicais, canto coral e inicia\u00e7\u00e3o musical, em mais de 280 polos de ensino no interior e litoral do Estado.\u00a0 O programa que atende mais de 49 mil alunos por ano possui centros de educa\u00e7\u00e3o [&hellip;]<\/p>\n","protected":false},"author":2,"featured_media":57577,"comment_status":"closed","ping_status":"closed","sticky":false,"template":"","format":"standard","meta":{"tdm_status":"","tdm_grid_status":"","footnotes":""},"categories":[22,351,370],"tags":[],"class_list":{"0":"post-128554","1":"post","2":"type-post","3":"status-publish","4":"format-standard","5":"has-post-thumbnail","7":"category-brasil","8":"category-cursos","9":"category-inscricao"},"_links":{"self":[{"href":"https:\/\/migracao.redenoticia.com.br\/noticia\/wp-json\/wp\/v2\/posts\/128554","targetHints":{"allow":["GET"]}}],"collection":[{"href":"https:\/\/migracao.redenoticia.com.br\/noticia\/wp-json\/wp\/v2\/posts"}],"about":[{"href":"https:\/\/migracao.redenoticia.com.br\/noticia\/wp-json\/wp\/v2\/types\/post"}],"author":[{"embeddable":true,"href":"https:\/\/migracao.redenoticia.com.br\/noticia\/wp-json\/wp\/v2\/users\/2"}],"replies":[{"embeddable":true,"href":"https:\/\/migracao.redenoticia.com.br\/noticia\/wp-json\/wp\/v2\/comments?post=128554"}],"version-history":[{"count":0,"href":"https:\/\/migracao.redenoticia.com.br\/noticia\/wp-json\/wp\/v2\/posts\/128554\/revisions"}],"wp:featuredmedia":[{"embeddable":true,"href":"https:\/\/migracao.redenoticia.com.br\/noticia\/wp-json\/wp\/v2\/media\/57577"}],"wp:attachment":[{"href":"https:\/\/migracao.redenoticia.com.br\/noticia\/wp-json\/wp\/v2\/media?parent=128554"}],"wp:term":[{"taxonomy":"category","embeddable":true,"href":"https:\/\/migracao.redenoticia.com.br\/noticia\/wp-json\/wp\/v2\/categories?post=128554"},{"taxonomy":"post_tag","embeddable":true,"href":"https:\/\/migracao.redenoticia.com.br\/noticia\/wp-json\/wp\/v2\/tags?post=128554"}],"curies":[{"name":"wp","href":"https:\/\/api.w.org\/{rel}","templated":true}]}}