{"id":128636,"date":"2017-12-13T00:35:31","date_gmt":"2017-12-13T02:35:31","guid":{"rendered":"https:\/\/www.redenoticia.com.br\/noticia\/?p=128636"},"modified":"2017-12-13T00:35:31","modified_gmt":"2017-12-13T02:35:31","slug":"treinamento-tecnico-em-microbiologia-com-bolsa-da-fapesp","status":"publish","type":"post","link":"https:\/\/migracao.redenoticia.com.br\/noticia\/2017\/treinamento-tecnico-em-microbiologia-com-bolsa-da-fapesp\/128636","title":{"rendered":"Treinamento T\u00e9cnico em Microbiologia com Bolsa da FAPESP"},"content":{"rendered":"<p> Ag\u00eancia FAPESP\u00a0\u2013 Uma vaga de <strong><em>Treinamento T\u00e9cnico<\/em><\/strong> n\u00edvel 3 (TT-3), com Bolsa da FAPESP, est\u00e1 dispon\u00edvel no Instituto de Biologia da Unicamp. A oportunidade est\u00e1 vinculada ao projeto\u00a0, no \u00e2mbito do\u00a0programa\u00a0. A inscri\u00e7\u00e3o deve ser feita at\u00e9 15 de dezembro de 2017.<\/p>\n<p>O bolsista selecionado ser\u00e1 respons\u00e1vel pelo preparo de reagentes e demais materiais necess\u00e1rios ao projeto; organiza\u00e7\u00e3o geral do laborat\u00f3rio; controle do estoque de consum\u00edveis; manuten\u00e7\u00e3o dos equipamentos; padroniza\u00e7\u00e3o de t\u00e9cnicas laboratoriais; e coleta de material biol\u00f3gico de animais. Al\u00e9m disso, dever\u00e1, eventualmente, viajar com o grupo para efetuar coleta de material.<\/p>\n<p>\u00c9 desej\u00e1vel que o candidato tenha experi\u00eancia em laborat\u00f3rio de microbiologia e biologia molecular e que esteja capacitado para ler artigos e protocolos em ingl\u00eas. Os interessados devem enviar curr\u00edculo com no m\u00e1ximo duas p\u00e1ginas para o e-mail do professor coordenador do projeto,\u00a0\u00a0(maluta@gmail.com). O assunto do e-mail deve ser \u201csele\u00e7\u00e3o TT-III 2017\u201d.<\/p>\n<p>Mais informa\u00e7\u00f5es sobre a vaga dispon\u00edveis em\u00a0.<\/p>\n<p>A Bolsa de TT-3 tem valor de R$ 1.195,60 e \u00e9 direcionada para alunos graduados do n\u00edvel superior, sem reprova\u00e7\u00f5es em seu hist\u00f3rico escolar e sem v\u00ednculo empregat\u00edcio, com dedica\u00e7\u00e3o de 16 a 40 horas semanais \u00e0s atividades de apoio ao projeto de pesquisa. O tempo de bolsa TT-3 ser\u00e1 descontado no caso de o interessado vir a usufruir de Bolsa de Mestrado ou Doutorado Direto.<\/p>\n<p>Para mais informa\u00e7\u00f5es sobre as bolsas de Treinamento T\u00e9cnico acesse:\u00a0.<\/p>\n<p>Outras vagas de bolsas, em diversas \u00e1reas do conhecimento, est\u00e3o no site FAPESP-Oportunidades, em\u00a0.<\/p>\n","protected":false},"excerpt":{"rendered":"<p>Ag\u00eancia FAPESP\u00a0\u2013 Uma vaga de Treinamento T\u00e9cnico n\u00edvel 3 (TT-3), com Bolsa da FAPESP, est\u00e1 dispon\u00edvel no Instituto de Biologia da Unicamp. A oportunidade est\u00e1 vinculada ao projeto\u00a0, no \u00e2mbito do\u00a0programa\u00a0. A inscri\u00e7\u00e3o deve ser feita at\u00e9 15 de dezembro de 2017. O bolsista selecionado ser\u00e1 respons\u00e1vel pelo preparo de reagentes e demais materiais necess\u00e1rios [&hellip;]<\/p>\n","protected":false},"author":2,"featured_media":36246,"comment_status":"closed","ping_status":"closed","sticky":false,"template":"","format":"standard","meta":{"tdm_status":"","tdm_grid_status":"","footnotes":""},"categories":[22,351,370],"tags":[],"class_list":{"0":"post-128636","1":"post","2":"type-post","3":"status-publish","4":"format-standard","5":"has-post-thumbnail","7":"category-brasil","8":"category-cursos","9":"category-inscricao"},"_links":{"self":[{"href":"https:\/\/migracao.redenoticia.com.br\/noticia\/wp-json\/wp\/v2\/posts\/128636","targetHints":{"allow":["GET"]}}],"collection":[{"href":"https:\/\/migracao.redenoticia.com.br\/noticia\/wp-json\/wp\/v2\/posts"}],"about":[{"href":"https:\/\/migracao.redenoticia.com.br\/noticia\/wp-json\/wp\/v2\/types\/post"}],"author":[{"embeddable":true,"href":"https:\/\/migracao.redenoticia.com.br\/noticia\/wp-json\/wp\/v2\/users\/2"}],"replies":[{"embeddable":true,"href":"https:\/\/migracao.redenoticia.com.br\/noticia\/wp-json\/wp\/v2\/comments?post=128636"}],"version-history":[{"count":0,"href":"https:\/\/migracao.redenoticia.com.br\/noticia\/wp-json\/wp\/v2\/posts\/128636\/revisions"}],"wp:featuredmedia":[{"embeddable":true,"href":"https:\/\/migracao.redenoticia.com.br\/noticia\/wp-json\/wp\/v2\/media\/36246"}],"wp:attachment":[{"href":"https:\/\/migracao.redenoticia.com.br\/noticia\/wp-json\/wp\/v2\/media?parent=128636"}],"wp:term":[{"taxonomy":"category","embeddable":true,"href":"https:\/\/migracao.redenoticia.com.br\/noticia\/wp-json\/wp\/v2\/categories?post=128636"},{"taxonomy":"post_tag","embeddable":true,"href":"https:\/\/migracao.redenoticia.com.br\/noticia\/wp-json\/wp\/v2\/tags?post=128636"}],"curies":[{"name":"wp","href":"https:\/\/api.w.org\/{rel}","templated":true}]}}