{"id":1288,"date":"2009-05-06T19:25:08","date_gmt":"2009-05-06T23:25:08","guid":{"rendered":"http:\/\/www.redenoticia.com.br\/noticia\/?p=1288"},"modified":"2009-05-06T19:25:08","modified_gmt":"2009-05-06T23:25:08","slug":"cem-anos-do-inicio-das-obras-telegraficas-em-rondonia","status":"publish","type":"post","link":"https:\/\/migracao.redenoticia.com.br\/noticia\/2009\/cem-anos-do-inicio-das-obras-telegraficas-em-rondonia\/1288","title":{"rendered":"Cem anos do in\u00edcio das obras telegr\u00e1ficas em Rond\u00f4nia"},"content":{"rendered":"<p>O senador Valdir Raupp (PMDB-RO) saudou em Plen\u00e1rio os cem anos do in\u00edcio da Comiss\u00e3o Rondon, liderada pelo ent\u00e3o major e sertanista C\u00e2ndido Mariano da Silva Rondon, que construiu linhas telegr\u00e1ficas ligando Goi\u00e1s ao noroeste de Mato Grosso e a vilas das regi\u00f5es dos Rios Guapor\u00e9 e Madeira, hoje transformadas em munic\u00edpios do estado de Rond\u00f4nia. Em 1956, o ent\u00e3o territ\u00f3rio federal do Guapor\u00e9 passou a se chamar territ\u00f3rio de Rond\u00f4nia em sua homenagem.<\/p>\n<p>Raupp destacou o car\u00e1ter desbravador e pacifista de Rondon, por seu respeito \u00e0s dezenas de tribos que encontrou no interior do pa\u00eds.<strong> <\/strong>C\u00e2ndido Rondon, um matogrossense de origem ind\u00edgena, homenageado j\u00e1 na velhice pelo Congresso com o t\u00edtulo de marechal, tamb\u00e9m participou dos movimentos abolicionista e republicano, lembrou Valdir Raupp. Um dos seus primeiros trabalhos foi liderar os grupos que constru\u00edram a linha telegr\u00e1fica que ligou Goi\u00e1s a Mato Grosso.<\/p>\n<p>&#8211; Ele foi um brasileiro destemido, pacificador, que ajudou a consolidar o Estado brasileiro &#8211; disse o senador.<\/p>\n<p>Raupp salientou que Rondon, que era bacharel em Ci\u00eancias F\u00edsicas e Naturais pela Escola Superior de Guerra, n\u00e3o foi apenas construtor de linhas telegr\u00e1ficas, mas tamb\u00e9m trabalhou no mapeamento de regi\u00f5es.<\/p>\n<p>O senador lembrou ainda que, no in\u00edcio do s\u00e9culo passado, Rondon dirigiu a constru\u00e7\u00e3o da linha telegr\u00e1fica entre Cuiab\u00e1 e Corumb\u00e1, ligando o Brasil com \u00e1reas das fronteiras com o Paraguai e a Bol\u00edvia. Por sua pol\u00edtica pacifista com os ind\u00edgenas, Rondon foi indicado em 1957 ao Pr\u00eamio Nobel da Paz pela institui\u00e7\u00e3o norte-americana The Explorers Club.<\/p>\n<p class=\"MsoNormal\"><span class=\"nomejornalista\">Da Reda\u00e7\u00e3o \/ Ag\u00eancia Senado<\/span><\/p>\n","protected":false},"excerpt":{"rendered":"<p>O senador Valdir Raupp (PMDB-RO) saudou em Plen\u00e1rio os cem anos do in\u00edcio da Comiss\u00e3o Rondon, liderada pelo ent\u00e3o major e sertanista C\u00e2ndido Mariano da Silva Rondon, que construiu linhas telegr\u00e1ficas ligando Goi\u00e1s ao noroeste de Mato Grosso e a vilas das regi\u00f5es dos Rios Guapor\u00e9 e Madeira, hoje transformadas em munic\u00edpios do estado de [&hellip;]<\/p>\n","protected":false},"author":3,"featured_media":0,"comment_status":"open","ping_status":"open","sticky":false,"template":"","format":"standard","meta":{"tdm_status":"","tdm_grid_status":"","footnotes":""},"categories":[22],"tags":[],"class_list":{"0":"post-1288","1":"post","2":"type-post","3":"status-publish","4":"format-standard","6":"category-brasil"},"_links":{"self":[{"href":"https:\/\/migracao.redenoticia.com.br\/noticia\/wp-json\/wp\/v2\/posts\/1288","targetHints":{"allow":["GET"]}}],"collection":[{"href":"https:\/\/migracao.redenoticia.com.br\/noticia\/wp-json\/wp\/v2\/posts"}],"about":[{"href":"https:\/\/migracao.redenoticia.com.br\/noticia\/wp-json\/wp\/v2\/types\/post"}],"author":[{"embeddable":true,"href":"https:\/\/migracao.redenoticia.com.br\/noticia\/wp-json\/wp\/v2\/users\/3"}],"replies":[{"embeddable":true,"href":"https:\/\/migracao.redenoticia.com.br\/noticia\/wp-json\/wp\/v2\/comments?post=1288"}],"version-history":[{"count":0,"href":"https:\/\/migracao.redenoticia.com.br\/noticia\/wp-json\/wp\/v2\/posts\/1288\/revisions"}],"wp:attachment":[{"href":"https:\/\/migracao.redenoticia.com.br\/noticia\/wp-json\/wp\/v2\/media?parent=1288"}],"wp:term":[{"taxonomy":"category","embeddable":true,"href":"https:\/\/migracao.redenoticia.com.br\/noticia\/wp-json\/wp\/v2\/categories?post=1288"},{"taxonomy":"post_tag","embeddable":true,"href":"https:\/\/migracao.redenoticia.com.br\/noticia\/wp-json\/wp\/v2\/tags?post=1288"}],"curies":[{"name":"wp","href":"https:\/\/api.w.org\/{rel}","templated":true}]}}