{"id":128836,"date":"2017-12-15T00:28:59","date_gmt":"2017-12-15T02:28:59","guid":{"rendered":"https:\/\/www.redenoticia.com.br\/noticia\/?p=128836"},"modified":"2017-12-15T00:28:59","modified_gmt":"2017-12-15T02:28:59","slug":"doacoes-de-cabelos-ajudam-na-recuperacao-e-autoestima","status":"publish","type":"post","link":"https:\/\/migracao.redenoticia.com.br\/noticia\/2017\/doacoes-de-cabelos-ajudam-na-recuperacao-e-autoestima\/128836","title":{"rendered":"Doa\u00e7\u00f5es de cabelos ajudam na recupera\u00e7\u00e3o e autoestima"},"content":{"rendered":"<p> A autoestima e o cabelo est\u00e3o intimamente ligados, ainda mais para o mundo feminino. Quem est\u00e1 em tratamento de c\u00e2ncer convive diariamente com a queda dos fios. Esse momento delicado do tratamento pode ser aliviado com um simples gesto de <strong><em>doa\u00e7\u00e3o de cabelo<\/em><\/strong>.<\/p>\n<p>Em S\u00e3o Paulo, existem v\u00e1rios bancos de perucas que recebem as doa\u00e7\u00f5es das mechas e repassam para as entidades j\u00e1 em forma de peruca.<\/p>\n<p>A Escola de Beleza, do Fundo Social de Solidariedade, criou o curso \u201cPr\u00f3tese Capilar e Megahair\u201d. Os alunos fazem perucas para serem doadas \u00e0s pacientes em tratamento do Icesp (Instituto do C\u00e2ncer de S\u00e3o Paulo).<\/p>\n<p>O Instituto tamb\u00e9m recebe as doa\u00e7\u00f5es das mechas de cabelo. Para fazer a doa\u00e7\u00e3o \u00e9 necess\u00e1rio alguns cuidados b\u00e1sicos, pois o cabelo deve estar limpo e seco. Ao avisar o cabeleireiro da sua inten\u00e7\u00e3o de doar, o mesmo deve prender com el\u00e1stico.<\/p>\n<p>Todos os cabelos s\u00e3o aceitos, enrolados, lisos, encaracolados, crespos, tingidos ou naturais. A \u00fanica restri\u00e7\u00e3o \u00e9 em rela\u00e7\u00e3o ao tamanho do fio, que deve ter no m\u00ednimo 15 cent\u00edmetros de comprimento.<\/p>\n<p>A autoestima \u00e9 fundamental para as pacientes em recupera\u00e7\u00e3o. O custo de uma peruca de cabelo natural custa at\u00e9 R$ 3 mil, e por isso as doa\u00e7\u00f5es s\u00e3o muito bem vindas. Voc\u00ea tamb\u00e9m pode fazer sua doa\u00e7\u00e3o enviando as mechas pelos correios.<\/p>\n<p>Clique nos links para ver onde doar par o\u00a0, para o\u00a0e para o\u00a0.<\/p>\n<p>Do Portal do Governo\u00a0SP<\/p>\n","protected":false},"excerpt":{"rendered":"<p>A autoestima e o cabelo est\u00e3o intimamente ligados, ainda mais para o mundo feminino. Quem est\u00e1 em tratamento de c\u00e2ncer convive diariamente com a queda dos fios. Esse momento delicado do tratamento pode ser aliviado com um simples gesto de doa\u00e7\u00e3o de cabelo. Em S\u00e3o Paulo, existem v\u00e1rios bancos de perucas que recebem as doa\u00e7\u00f5es [&hellip;]<\/p>\n","protected":false},"author":2,"featured_media":35093,"comment_status":"closed","ping_status":"closed","sticky":false,"template":"","format":"standard","meta":{"tdm_status":"","tdm_grid_status":"","footnotes":""},"categories":[22,5],"tags":[],"class_list":{"0":"post-128836","1":"post","2":"type-post","3":"status-publish","4":"format-standard","5":"has-post-thumbnail","7":"category-brasil","8":"category-saude-e-vida"},"_links":{"self":[{"href":"https:\/\/migracao.redenoticia.com.br\/noticia\/wp-json\/wp\/v2\/posts\/128836","targetHints":{"allow":["GET"]}}],"collection":[{"href":"https:\/\/migracao.redenoticia.com.br\/noticia\/wp-json\/wp\/v2\/posts"}],"about":[{"href":"https:\/\/migracao.redenoticia.com.br\/noticia\/wp-json\/wp\/v2\/types\/post"}],"author":[{"embeddable":true,"href":"https:\/\/migracao.redenoticia.com.br\/noticia\/wp-json\/wp\/v2\/users\/2"}],"replies":[{"embeddable":true,"href":"https:\/\/migracao.redenoticia.com.br\/noticia\/wp-json\/wp\/v2\/comments?post=128836"}],"version-history":[{"count":0,"href":"https:\/\/migracao.redenoticia.com.br\/noticia\/wp-json\/wp\/v2\/posts\/128836\/revisions"}],"wp:featuredmedia":[{"embeddable":true,"href":"https:\/\/migracao.redenoticia.com.br\/noticia\/wp-json\/wp\/v2\/media\/35093"}],"wp:attachment":[{"href":"https:\/\/migracao.redenoticia.com.br\/noticia\/wp-json\/wp\/v2\/media?parent=128836"}],"wp:term":[{"taxonomy":"category","embeddable":true,"href":"https:\/\/migracao.redenoticia.com.br\/noticia\/wp-json\/wp\/v2\/categories?post=128836"},{"taxonomy":"post_tag","embeddable":true,"href":"https:\/\/migracao.redenoticia.com.br\/noticia\/wp-json\/wp\/v2\/tags?post=128836"}],"curies":[{"name":"wp","href":"https:\/\/api.w.org\/{rel}","templated":true}]}}