{"id":128930,"date":"2017-12-17T16:08:27","date_gmt":"2017-12-17T18:08:27","guid":{"rendered":"https:\/\/www.redenoticia.com.br\/noticia\/?p=128930"},"modified":"2017-12-17T16:12:04","modified_gmt":"2017-12-17T18:12:04","slug":"novela-deus-salve-o-rei-a-historia-de-afonso-rodolfo-catarina-e-amalia","status":"publish","type":"post","link":"https:\/\/migracao.redenoticia.com.br\/noticia\/2017\/novela-deus-salve-o-rei-a-historia-de-afonso-rodolfo-catarina-e-amalia\/128930","title":{"rendered":"Novela &#8220;Deus Salve o Rei&#8221;: a hist\u00f3ria de Afonso, Rodolfo, Catarina e Am\u00e1lia"},"content":{"rendered":"<p><img loading=\"lazy\" decoding=\"async\" src=\"https:\/\/migracao.redenoticia.com.br\/noticia\/imagens\/deus-salve-o-rei-novela-globo-resumo-capitulo-150x112.jpg\" alt=\"\" width=\"150\" height=\"112\" class=\"alignleft size-thumbnail wp-image-128932\" srcset=\"https:\/\/migracao.redenoticia.com.br\/noticia\/imagens\/deus-salve-o-rei-novela-globo-resumo-capitulo-150x112.jpg 150w, https:\/\/migracao.redenoticia.com.br\/noticia\/imagens\/deus-salve-o-rei-novela-globo-resumo-capitulo-265x198.jpg 265w\" sizes=\"auto, (max-width: 150px) 100vw, 150px\" \/><strong><em>Novela &#8220;Deus Salve o Rei&#8221; sinopse<\/em><\/strong>: h\u00e1 d\u00e9cadas, os reinos de Montemor e Artena vivem em paz, e tudo continuaria assim se as consequ\u00eancias de uma escolha n\u00e3o mudassem o curso de seus destinos. Afonso (Romulo Estrela), pr\u00edncipe herdeiro de Montemor, \u00e9 um homem honrado, justo e que, desde crian\u00e7a, foi preparado para, um dia, assumir o trono. Exatamente o oposto de seu irm\u00e3o ca\u00e7ula, o irrespons\u00e1vel e inconsequente Rodolfo (Johnny Massaro), que s\u00f3 pensa em aproveitar as mordomias de sua vida de pr\u00edncipe.<\/p>\n<p>Montemor \u00e9 um reino pr\u00f3spero, rico em min\u00e9rio de ferro, mas falta algo essencial para sua subsist\u00eancia: \u00e1gua. Artena, por outro lado, possui este recurso em abund\u00e2ncia. Um acordo, h\u00e1 muitos anos vigente entre os dois reinos, garante que o min\u00e9rio produzido em Montemor seja fornecido \u00e0 Artena em troca de sua \u00e1gua.<\/p>\n<p>Artena \u00e9 governada pelo rei Augusto (Marco Nanini), um homem s\u00e1bio e benevolente, que tem em sua filha, a princesa Catarina (Bruna Marquezine), sua sucessora. Mas Catarina, ao contr\u00e1rio do pai, tem planos mais ambiciosos para seu reino e n\u00e3o medir\u00e1 esfor\u00e7os para conquistar seus objetivos.<\/p>\n<p>A morte da rainha de Montemor, Cris\u00e9lia (Rosamaria Murtinho), av\u00f3 de Afonso e Rodolfo, abala perigosamente a paz at\u00e9 ent\u00e3o mantida entre os dois reinos. Afonso logo dever\u00e1 se tornar rei, mas o amor pela plebeia Am\u00e1lia (Marina Ruy Barbosa), de Artena, o faz abdicar do trono, entregando o posto a seu despreparado irm\u00e3o, o que torna ainda mais fr\u00e1gil as rela\u00e7\u00f5es com o reino vizinho. E, neste momento, Catarina tem uma grande oportunidade de colocar em pr\u00e1tica seus planos expansionistas.<\/p>\n<p>A pr\u00f3xima novela das sete, &#8220;Deus Salve o Rei&#8221; trata das escolhas e suas consequ\u00eancias, e questiona o poder do destino na vida das pessoas.<\/p>\n<p>Escrita por Daniel Adjafre e com dire\u00e7\u00e3o art\u00edstica de Fabr\u00edcio Mamberti, &#8220;Deus Salve o Rei&#8221; tem estreia prevista para janeiro.<\/p>\n","protected":false},"excerpt":{"rendered":"<p>Novela &#8220;Deus Salve o Rei&#8221; sinopse: h\u00e1 d\u00e9cadas, os reinos de Montemor e Artena vivem em paz, e tudo continuaria assim se as consequ\u00eancias de uma escolha n\u00e3o mudassem o curso de seus destinos. Afonso (Romulo Estrela), pr\u00edncipe herdeiro de Montemor, \u00e9 um homem honrado, justo e que, desde crian\u00e7a, foi preparado para, um dia, [&hellip;]<\/p>\n","protected":false},"author":2,"featured_media":128932,"comment_status":"closed","ping_status":"closed","sticky":false,"template":"","format":"standard","meta":{"tdm_status":"","tdm_grid_status":"","footnotes":""},"categories":[464,379,375,343],"tags":[440],"class_list":{"0":"post-128930","1":"post","2":"type-post","3":"status-publish","4":"format-standard","5":"has-post-thumbnail","7":"category-deus-salve-o-rei","8":"category-novelas","9":"category-rede-globo","10":"category-televisao","11":"tag-noticia-novela"},"_links":{"self":[{"href":"https:\/\/migracao.redenoticia.com.br\/noticia\/wp-json\/wp\/v2\/posts\/128930","targetHints":{"allow":["GET"]}}],"collection":[{"href":"https:\/\/migracao.redenoticia.com.br\/noticia\/wp-json\/wp\/v2\/posts"}],"about":[{"href":"https:\/\/migracao.redenoticia.com.br\/noticia\/wp-json\/wp\/v2\/types\/post"}],"author":[{"embeddable":true,"href":"https:\/\/migracao.redenoticia.com.br\/noticia\/wp-json\/wp\/v2\/users\/2"}],"replies":[{"embeddable":true,"href":"https:\/\/migracao.redenoticia.com.br\/noticia\/wp-json\/wp\/v2\/comments?post=128930"}],"version-history":[{"count":0,"href":"https:\/\/migracao.redenoticia.com.br\/noticia\/wp-json\/wp\/v2\/posts\/128930\/revisions"}],"wp:featuredmedia":[{"embeddable":true,"href":"https:\/\/migracao.redenoticia.com.br\/noticia\/wp-json\/wp\/v2\/media\/128932"}],"wp:attachment":[{"href":"https:\/\/migracao.redenoticia.com.br\/noticia\/wp-json\/wp\/v2\/media?parent=128930"}],"wp:term":[{"taxonomy":"category","embeddable":true,"href":"https:\/\/migracao.redenoticia.com.br\/noticia\/wp-json\/wp\/v2\/categories?post=128930"},{"taxonomy":"post_tag","embeddable":true,"href":"https:\/\/migracao.redenoticia.com.br\/noticia\/wp-json\/wp\/v2\/tags?post=128930"}],"curies":[{"name":"wp","href":"https:\/\/api.w.org\/{rel}","templated":true}]}}