{"id":128933,"date":"2017-12-16T15:26:21","date_gmt":"2017-12-16T17:26:21","guid":{"rendered":"https:\/\/www.redenoticia.com.br\/noticia\/?p=128933"},"modified":"2017-12-16T15:37:42","modified_gmt":"2017-12-16T17:37:42","slug":"novela-deus-salve-o-rei-elenco-e-personagens","status":"publish","type":"post","link":"https:\/\/migracao.redenoticia.com.br\/noticia\/2017\/novela-deus-salve-o-rei-elenco-e-personagens\/128933","title":{"rendered":"Novela &#8220;Deus Salve o Rei&#8221;: elenco e personagens"},"content":{"rendered":"<p><img loading=\"lazy\" decoding=\"async\" src=\"https:\/\/migracao.redenoticia.com.br\/noticia\/imagens\/deus-salve-o-rei-novela-globo-resumo-capitulo-150x112.jpg\" alt=\"\" width=\"150\" height=\"112\" class=\"alignleft size-thumbnail wp-image-128932\" srcset=\"https:\/\/migracao.redenoticia.com.br\/noticia\/imagens\/deus-salve-o-rei-novela-globo-resumo-capitulo-150x112.jpg 150w, https:\/\/migracao.redenoticia.com.br\/noticia\/imagens\/deus-salve-o-rei-novela-globo-resumo-capitulo-265x198.jpg 265w\" sizes=\"auto, (max-width: 150px) 100vw, 150px\" \/><strong><em>Novela &#8220;Deus Salve o Rei&#8221; elenco e personagens<\/em><\/strong>: a novela &#8220;Deus Salve o Rei&#8221; quer conquistar o p\u00fablico com a hist\u00f3ria medieval dos reinos de Montemor e Artena. Um herdeiro do trono apaixonado, um pr\u00edncipe atrapalhado, uma princesa gananciosa, uma linda plebeia. Personagens marcantes e um grande elenco v\u00e3o agitar a novela.<\/p>\n<p>Confira os principais personagens e elenco desta trama:<\/p>\n<p>Catarina (Bruna Marquezine) &#8211; herdeira do trono de Artena. Ela n\u00e3o medir\u00e1 esfor\u00e7os para conquistar seus ambiciosos objetivos;<br \/>\nAm\u00e1lia (Marina Ruy Barbosa) &#8211; ser\u00e1 por ela que o pr\u00edncipe Afonso ir\u00e1 abdicar do trono de Montemor;<br \/>\nAfonso (Romulo Estrela) &#8211; pr\u00edncipe herdeiro de Montemor;<br \/>\nRodolfo (Johnny Massaro) e Lucr\u00e9cia (Tat\u00e1 Werneck) &#8211; Rodolfo, irm\u00e3o de Afonso, s\u00f3 pensa em aproveitar as mordomias de sua vida de pr\u00edncipe. Tat\u00e1 Werneck ser\u00e1 Lucr\u00e9cia, com quem Rodolfo ir\u00e1 se casar;<\/p>\n<p>Augusto (Marco Nanini) &#8211; rei de Artena e pai de Catarina;<br \/>\nCris\u00e9lia (Rosamaria Murtinho)- rainha, av\u00f3 de Afonso e Rodolfo;<br \/>\nC\u00e1ssio (Caio Blat) &#8211; chefe da guarda real;<br \/>\nDiana (Fernanda Nobre) &#8211; amiga de Am\u00e1lia;<br \/>\nSaulo (Jo\u00e3o Vithor Oliveira) &#8211; integrante da Academia Militar;<\/p>\n<p>Marina Moschen ser\u00e1 Selena;<br \/>\nDem\u00e9trio (Tarc\u00edsio Filho);<br \/>\nO portugu\u00eas Jos\u00e9 Fidalgo ser\u00e1 Constantino;<br \/>\nBet\u00e2nia (Dayse Pozato) e Romero (Marcello Airoldi);<br \/>\nHer\u00e1clito (Marcos Oliveira).<\/p>\n<p>Escrita por Daniel Adjafre e com dire\u00e7\u00e3o art\u00edstica de Fabr\u00edcio Mamberti, &#8220;Deus Salve o Rei&#8221; tem estreia prevista para janeiro.<\/p>\n","protected":false},"excerpt":{"rendered":"<p>Novela &#8220;Deus Salve o Rei&#8221; elenco e personagens: a novela &#8220;Deus Salve o Rei&#8221; quer conquistar o p\u00fablico com a hist\u00f3ria medieval dos reinos de Montemor e Artena. Um herdeiro do trono apaixonado, um pr\u00edncipe atrapalhado, uma princesa gananciosa, uma linda plebeia. Personagens marcantes e um grande elenco v\u00e3o agitar a novela. Confira os principais [&hellip;]<\/p>\n","protected":false},"author":2,"featured_media":128932,"comment_status":"closed","ping_status":"closed","sticky":false,"template":"","format":"standard","meta":{"tdm_status":"","tdm_grid_status":"","footnotes":""},"categories":[464,379,375,343],"tags":[440],"class_list":{"0":"post-128933","1":"post","2":"type-post","3":"status-publish","4":"format-standard","5":"has-post-thumbnail","7":"category-deus-salve-o-rei","8":"category-novelas","9":"category-rede-globo","10":"category-televisao","11":"tag-noticia-novela"},"_links":{"self":[{"href":"https:\/\/migracao.redenoticia.com.br\/noticia\/wp-json\/wp\/v2\/posts\/128933","targetHints":{"allow":["GET"]}}],"collection":[{"href":"https:\/\/migracao.redenoticia.com.br\/noticia\/wp-json\/wp\/v2\/posts"}],"about":[{"href":"https:\/\/migracao.redenoticia.com.br\/noticia\/wp-json\/wp\/v2\/types\/post"}],"author":[{"embeddable":true,"href":"https:\/\/migracao.redenoticia.com.br\/noticia\/wp-json\/wp\/v2\/users\/2"}],"replies":[{"embeddable":true,"href":"https:\/\/migracao.redenoticia.com.br\/noticia\/wp-json\/wp\/v2\/comments?post=128933"}],"version-history":[{"count":0,"href":"https:\/\/migracao.redenoticia.com.br\/noticia\/wp-json\/wp\/v2\/posts\/128933\/revisions"}],"wp:featuredmedia":[{"embeddable":true,"href":"https:\/\/migracao.redenoticia.com.br\/noticia\/wp-json\/wp\/v2\/media\/128932"}],"wp:attachment":[{"href":"https:\/\/migracao.redenoticia.com.br\/noticia\/wp-json\/wp\/v2\/media?parent=128933"}],"wp:term":[{"taxonomy":"category","embeddable":true,"href":"https:\/\/migracao.redenoticia.com.br\/noticia\/wp-json\/wp\/v2\/categories?post=128933"},{"taxonomy":"post_tag","embeddable":true,"href":"https:\/\/migracao.redenoticia.com.br\/noticia\/wp-json\/wp\/v2\/tags?post=128933"}],"curies":[{"name":"wp","href":"https:\/\/api.w.org\/{rel}","templated":true}]}}