{"id":128949,"date":"2017-12-16T17:09:24","date_gmt":"2017-12-16T19:09:24","guid":{"rendered":"https:\/\/www.redenoticia.com.br\/noticia\/?p=128949"},"modified":"2017-12-16T17:09:24","modified_gmt":"2017-12-16T19:09:24","slug":"resumo-novela-um-caminho-para-o-destino-18-12-fernanda-vai-para-a-solitaria","status":"publish","type":"post","link":"https:\/\/migracao.redenoticia.com.br\/noticia\/2017\/resumo-novela-um-caminho-para-o-destino-18-12-fernanda-vai-para-a-solitaria\/128949","title":{"rendered":"Resumo novela \u201cUm Caminho Para o Destino\u201d 18\/12: Fernanda vai para a solit\u00e1ria"},"content":{"rendered":"<p> <img loading=\"lazy\" decoding=\"async\" class=\"alignleft size-thumbnail wp-image-119749\" src=\"https:\/\/migracao.redenoticia.com.br\/noticia\/imagens\/um_caminho_destino_novela_sbt_resumo-150x112.jpg\" alt=\"\" width=\"150\" height=\"112\" srcset=\"https:\/\/migracao.redenoticia.com.br\/noticia\/imagens\/um_caminho_destino_novela_sbt_resumo-150x112.jpg 150w, https:\/\/migracao.redenoticia.com.br\/noticia\/imagens\/um_caminho_destino_novela_sbt_resumo-265x198.jpg 265w\" sizes=\"auto, (max-width: 150px) 100vw, 150px\" \/><strong><em>Resumo novela \u201cUm Caminho Para o Destino\u201d 18\/12<\/em><\/strong>: no cap\u00edtulo 081(*) da novela \u201cUm Caminho Para o Destino\u201d, resumo de segunda-feira, 18 de dezembro, Fernanda diz para a diretora do pres\u00eddio que gostaria de formar uma banda musical com as internas. Mariana e Am\u00e9lia discutem. Hernani tenta acalm\u00e1-las, mas n\u00e3o consegue. Fernanda diz a Maribel que est\u00e1 feliz por que a diretora autorizou o grupo musical. Am\u00e9lia est\u00e1 desesperada por n\u00e3o saber o paradeiro de Branca. Mal-Amada amea\u00e7a destruir os instrumentos da banda. <\/p>\n<p>Carlos pede a Isabela que cuide de sua m\u00e3e enquanto ele volta ao pa\u00eds para resolver os problemas do banco. O Dr. Espinosa pede a Carlos que adie a viagem pois vai testar um novo medicamento em sua m\u00e3e. Mal-Amada tenta agredir Fernanda, mas ela impede. Isabela telefona para Luiz e pede a ele que impe\u00e7a que Carlos fique sabendo que Fernanda est\u00e1 na pris\u00e3o. Mal-Amada acusa Fernanda de agress\u00e3o e ela \u00e9 mandada para a solit\u00e1ria. Carlos exige que Pedro lhe diga por que o odeia tanto. Ele responde que o odeia por que \u00e9 id\u00eantico a Luiz Monteiro e mente sobre Fernanda, dizendo que ela foi estudar m\u00fasica na Espanha. <\/p>\n<p>(*) edi\u00e7\u00e3o do SBT, Novela \u201cUm Caminho Para o Destino\u201d, sujeito a altera\u00e7\u00e3o de data e conte\u00fado. <\/p>\n<p>Na fazenda da fam\u00edlia Altamirano vive Don Fernando, um vi\u00favo e pai de duas jovens: Amelia, a mais nova e sua consentida, e Mariana, a filha mais velha. Com eles tamb\u00e9m vivem Blanca, que cuida das filhas de Don Fernando desde o falecimento da m\u00e3e delas no parto de Amelia, e Pedro P\u00e9rez, o jardineiro da fazenda, que \u00e9 apaixonado por Amelia. Por\u00e9m Amelia \u00e9 apaixonada por Luis Montero, um estudante de direito cheio de ambi\u00e7\u00f5es. Amelia acaba se entregando a Luis e acaba engravidando. Ao saber da gravidez, Luis despreza Amelia e se casa com Marissa, uma rica vi\u00fava milion\u00e1ria e m\u00e3e de Carlos. Don Fernando, ao saber da gravidez de Amelia, acredita que o filho \u00e9 de Pedro e os expulsa da fazenda. <\/p>\n<p>Um tempo depois, Amelia e Pedro se casam e ele assume a paternidade da crian\u00e7a que ao nascer, \u00e9 batizada de Luisa Fernanda. 18 anos depois Luisa Fernanda \u00e9 uma linda mo\u00e7a que tem duas paix\u00f5es na vida: tocar violino e plantar, h\u00e1bitos que aprendeu com seu pai Pedro. Um certo dia, Luis, seu pai biol\u00f3gico, a atropela e a leva para o hospital onde trabalha seu enteado Carlos. A partir desse momento, nasce um amor entre eles. Carlos \u00e9 namorado de Isabela, ex-miss universo e uma solicitada modelo, mas termina com ela ao se apaixonar por Fernanda. <\/p>\n","protected":false},"excerpt":{"rendered":"<p>Resumo novela \u201cUm Caminho Para o Destino\u201d 18\/12: no cap\u00edtulo 081(*) da novela \u201cUm Caminho Para o Destino\u201d, resumo de segunda-feira, 18 de dezembro, Fernanda diz para a diretora do pres\u00eddio que gostaria de formar uma banda musical com as internas. Mariana e Am\u00e9lia discutem. Hernani tenta acalm\u00e1-las, mas n\u00e3o consegue. Fernanda diz a Maribel [&hellip;]<\/p>\n","protected":false},"author":2,"featured_media":119749,"comment_status":"closed","ping_status":"closed","sticky":false,"template":"","format":"standard","meta":{"tdm_status":"","tdm_grid_status":"","footnotes":""},"categories":[379,372,343],"tags":[441],"class_list":{"0":"post-128949","1":"post","2":"type-post","3":"status-publish","4":"format-standard","5":"has-post-thumbnail","7":"category-novelas","8":"category-sbt","9":"category-televisao","10":"tag-resumo-do-dia"},"_links":{"self":[{"href":"https:\/\/migracao.redenoticia.com.br\/noticia\/wp-json\/wp\/v2\/posts\/128949","targetHints":{"allow":["GET"]}}],"collection":[{"href":"https:\/\/migracao.redenoticia.com.br\/noticia\/wp-json\/wp\/v2\/posts"}],"about":[{"href":"https:\/\/migracao.redenoticia.com.br\/noticia\/wp-json\/wp\/v2\/types\/post"}],"author":[{"embeddable":true,"href":"https:\/\/migracao.redenoticia.com.br\/noticia\/wp-json\/wp\/v2\/users\/2"}],"replies":[{"embeddable":true,"href":"https:\/\/migracao.redenoticia.com.br\/noticia\/wp-json\/wp\/v2\/comments?post=128949"}],"version-history":[{"count":0,"href":"https:\/\/migracao.redenoticia.com.br\/noticia\/wp-json\/wp\/v2\/posts\/128949\/revisions"}],"wp:featuredmedia":[{"embeddable":true,"href":"https:\/\/migracao.redenoticia.com.br\/noticia\/wp-json\/wp\/v2\/media\/119749"}],"wp:attachment":[{"href":"https:\/\/migracao.redenoticia.com.br\/noticia\/wp-json\/wp\/v2\/media?parent=128949"}],"wp:term":[{"taxonomy":"category","embeddable":true,"href":"https:\/\/migracao.redenoticia.com.br\/noticia\/wp-json\/wp\/v2\/categories?post=128949"},{"taxonomy":"post_tag","embeddable":true,"href":"https:\/\/migracao.redenoticia.com.br\/noticia\/wp-json\/wp\/v2\/tags?post=128949"}],"curies":[{"name":"wp","href":"https:\/\/api.w.org\/{rel}","templated":true}]}}