{"id":129084,"date":"2017-12-18T16:51:01","date_gmt":"2017-12-18T18:51:01","guid":{"rendered":"https:\/\/www.redenoticia.com.br\/noticia\/?p=129084"},"modified":"2017-12-18T13:33:37","modified_gmt":"2017-12-18T15:33:37","slug":"resumo-novela-malhacao-19-12-tato-admira-keyla-no-palco","status":"publish","type":"post","link":"https:\/\/migracao.redenoticia.com.br\/noticia\/2017\/resumo-novela-malhacao-19-12-tato-admira-keyla-no-palco\/129084","title":{"rendered":"Resumo novela \u201cMalha\u00e7\u00e3o\u201d 19\/12: Tato admira Keyla no palco"},"content":{"rendered":"<p><img loading=\"lazy\" decoding=\"async\" class=\"alignleft size-thumbnail wp-image-110075\" src=\"https:\/\/migracao.redenoticia.com.br\/noticia\/imagens\/malhacao-viva-a-diferenca-150x112.jpg\" alt=\"\" width=\"150\" height=\"112\" srcset=\"https:\/\/migracao.redenoticia.com.br\/noticia\/imagens\/malhacao-viva-a-diferenca-150x112.jpg 150w, https:\/\/migracao.redenoticia.com.br\/noticia\/imagens\/malhacao-viva-a-diferenca-265x198.jpg 265w\" sizes=\"auto, (max-width: 150px) 100vw, 150px\" \/><strong><em>Resumo novela \u201cMalha\u00e7\u00e3o\u201d 19\/12<\/em><\/strong>: no cap\u00edtulo 160(*) da novela \u201cMalha\u00e7\u00e3o\u201d, resumo de ter\u00e7a-feira, 19 de dezembro, K\u00e1tia pede perd\u00e3o a K1 e afirma que chamou a pol\u00edcia para prender Roger. Fio sugere que Ben\u00ea fale com Anderson para produzir sua nova m\u00fasica. K\u00e1tia pede que D\u00f3ris ajude K1 a voltar para sua casa. Ben\u00ea, Samantha e Roney convocam Anderson para produzir suas m\u00fasicas, e ele convida Moqueca para ajudar no trabalho. Juca repreende o comportamento competitivo de Ellen e Jota. Roney convida Maria Eduarda para sua apresenta\u00e7\u00e3o na Balada Paz e Amor, e Josefina se incomoda. K1 se emociona com a homenagem de MB. Tina e Anderson se aproximam. Maria Eduarda e Gabriel chegam para ver a apresenta\u00e7\u00e3o de Roney e Keyla. K2 provoca Tato, que admira Keyla no palco. <\/p>\n<p>(*) edi\u00e7\u00e3o da Rede Globo, Novela \u201cMalha\u00e7\u00e3o\u201d, sujeito a altera\u00e7\u00e3o de data e conte\u00fado. <\/p>\n<p>A vig\u00e9sima quinta temporada da s\u00e9rie de televis\u00e3o brasileira Malha\u00e7\u00e3o, produzida pela Rede Globo, \u00e9 escrita por Cao Hamburger, com colabora\u00e7\u00e3o de Jaqueline Vargas, Luciana Pessanha, Vitor Brandt e Carolina Ziskind, e conta com a dire\u00e7\u00e3o de Paulo Silvestrini. Pela primeira vez ap\u00f3s vinte e quatro temporadas, a novela ser\u00e1 ambientada nas zonas leste e sul da cidade de S\u00e3o Paulo. A trama \u00e9 protagonizada por Gabriela Medvedovski, Heslaine Vieira, Ana Hikari, Manoela Aliperti e Daphne Bozaski. O elenco tamb\u00e9m \u00e9 composto por Matheus Abreu, Hall Mendes, Juan Piava, Gabriel Calamari, Bruno Gadiol, Giovanna Grigio, Aline Fanju, L\u00facio Mauro Filho, Malu Galli, Angelo Ant\u00f4nio, Daniela Galli, Marcello Antony, Isabella Scherer, Talita Younan e Carol Macedo nos papeis principais. <\/p>\n","protected":false},"excerpt":{"rendered":"<p>Resumo novela \u201cMalha\u00e7\u00e3o\u201d 19\/12: no cap\u00edtulo 160(*) da novela \u201cMalha\u00e7\u00e3o\u201d, resumo de ter\u00e7a-feira, 19 de dezembro, K\u00e1tia pede perd\u00e3o a K1 e afirma que chamou a pol\u00edcia para prender Roger. Fio sugere que Ben\u00ea fale com Anderson para produzir sua nova m\u00fasica. K\u00e1tia pede que D\u00f3ris ajude K1 a voltar para sua casa. Ben\u00ea, Samantha [&hellip;]<\/p>\n","protected":false},"author":4,"featured_media":110072,"comment_status":"closed","ping_status":"closed","sticky":false,"template":"","format":"standard","meta":{"tdm_status":"","tdm_grid_status":"","footnotes":""},"categories":[447,379,375,343],"tags":[441],"class_list":{"0":"post-129084","1":"post","2":"type-post","3":"status-publish","4":"format-standard","5":"has-post-thumbnail","7":"category-malhacao","8":"category-novelas","9":"category-rede-globo","10":"category-televisao","11":"tag-resumo-do-dia"},"_links":{"self":[{"href":"https:\/\/migracao.redenoticia.com.br\/noticia\/wp-json\/wp\/v2\/posts\/129084","targetHints":{"allow":["GET"]}}],"collection":[{"href":"https:\/\/migracao.redenoticia.com.br\/noticia\/wp-json\/wp\/v2\/posts"}],"about":[{"href":"https:\/\/migracao.redenoticia.com.br\/noticia\/wp-json\/wp\/v2\/types\/post"}],"author":[{"embeddable":true,"href":"https:\/\/migracao.redenoticia.com.br\/noticia\/wp-json\/wp\/v2\/users\/4"}],"replies":[{"embeddable":true,"href":"https:\/\/migracao.redenoticia.com.br\/noticia\/wp-json\/wp\/v2\/comments?post=129084"}],"version-history":[{"count":0,"href":"https:\/\/migracao.redenoticia.com.br\/noticia\/wp-json\/wp\/v2\/posts\/129084\/revisions"}],"wp:featuredmedia":[{"embeddable":true,"href":"https:\/\/migracao.redenoticia.com.br\/noticia\/wp-json\/wp\/v2\/media\/110072"}],"wp:attachment":[{"href":"https:\/\/migracao.redenoticia.com.br\/noticia\/wp-json\/wp\/v2\/media?parent=129084"}],"wp:term":[{"taxonomy":"category","embeddable":true,"href":"https:\/\/migracao.redenoticia.com.br\/noticia\/wp-json\/wp\/v2\/categories?post=129084"},{"taxonomy":"post_tag","embeddable":true,"href":"https:\/\/migracao.redenoticia.com.br\/noticia\/wp-json\/wp\/v2\/tags?post=129084"}],"curies":[{"name":"wp","href":"https:\/\/api.w.org\/{rel}","templated":true}]}}