{"id":1291,"date":"2009-05-06T19:36:40","date_gmt":"2009-05-06T23:36:40","guid":{"rendered":"http:\/\/www.redenoticia.com.br\/noticia\/?p=1291"},"modified":"2009-05-06T19:36:40","modified_gmt":"2009-05-06T23:36:40","slug":"novo-teto-de-gastos-das-camaras-municipais-pode-levar-a-economia-de-r-18-bi","status":"publish","type":"post","link":"https:\/\/migracao.redenoticia.com.br\/noticia\/2009\/novo-teto-de-gastos-das-camaras-municipais-pode-levar-a-economia-de-r-18-bi\/1291","title":{"rendered":"Novo teto de gastos das c\u00e2maras municipais pode levar a economia de R$ 1,8 bi"},"content":{"rendered":"<p><span class=\"assinatura11\"><\/span><span style=\"font-family: Arial;\">A mudan\u00e7a dos percentuais de gastos das c\u00e2maras municipais, aprovada hoje (6) pela Comiss\u00e3o de Constitui\u00e7\u00e3o e Justi\u00e7a (CCJ) do Senado, pode gerar uma economia de R$ 1,8 bilh\u00e3o e permitir\u00e1 o funcionamento dos legislativos municipais. A afirma\u00e7\u00e3o \u00e9 do senador Antonio Carlos Valadares (PSB-SE), autor do voto em separado aprovado na CCJ.<\/p>\n<p>Segundo Valadares, sua proposta permitir\u00e1 um equil\u00edbrio das contas dos legislativos municipais. \u201cHoje, o teto para um munic\u00edpio como S\u00e3o Paulo \u00e9 de 5%. Estamos \u00a0reduzindo at\u00e9 cerca de 60% do limite de gastos. O que vai dar uma economia para o pa\u00eds de, no m\u00ednimo, R$ 1,8 bilh\u00e3o\u201d, afirmou. De acordo com a proposta aprovada hoje, o limite de gastos da cidade de S\u00e3o Paulo passar\u00e1 de 5% para 2% das receitas do munic\u00edpio.<\/p>\n<p>\u201cAqueles que est\u00e3o gastando acima de 3% \u00e9 que poder\u00e3o sofrer algum impacto. Se eles apertarem os cintos, com alguns funcion\u00e1rios, com verbas de custeio, v\u00e3o funcionar normalmente. A nossa proposta \u00e9 equilibrada e atende a todos os interesses\u201d, defendeu o senador.<\/p>\n<p>Para o presidente da Associa\u00e7\u00e3o Brasileira de C\u00e2mara Municipais (Abracam), Rog\u00e9rio Rodrigues da Silva, a mudan\u00e7a do limite de gastos dos legislativos municipais poder\u00e1 \u00a0incentivar a C\u00e2mara dos Deputados a aprovar a Proposta de Emenda \u00e0 Constitui\u00e7\u00e3o (PEC) 20, conhecida como PEC dos Vereadores, que aumenta o n\u00famero de parlamentares municipais.<\/p>\n<p>\u201cA C\u00e2mara n\u00e3o promulgou ainda a PEC 20 exatamente porque entendeu que os dois assuntos estavam atrelados. Votando no Senado, abre-se uma possibilidade [<em>de aprova\u00e7\u00e3o na C\u00e2mara<\/em>]\u201d, argumentou Silva. \u201cComo a PEC j\u00e1 tramitou nas duas casas, s\u00f3 \u00e9 preciso agora que a C\u00e2mara promulgue a PEC\u201d, completou. <\/span><\/p>\n<p class=\"MsoNormal\"><span style=\"font-family: Arial;\">O substitutivo do senador Antonio Carlos Valadares vai, agora, a vota\u00e7\u00e3o no plen\u00e1rio do Senado.<br \/>\n<!--[if !supportLineBreakNewLine]--><br \/>\n<!--[endif]--><\/span><\/p>\n<p><!-- .replace('','').replace('\n\n','') --><\/p>\n<p class=\"MsoNormal\" style=\"margin-bottom: 12pt;\"><span class=\"assinatura11\"><span style=\"font-family: Arial; color: windowtext;\">Ivan Richard <\/span><\/span><span style=\"font-family: Arial;\"><br \/>\n<span class=\"assinatura11\"><em><span style=\"font-family: Arial; color: windowtext;\">Rep\u00f3rter da Ag\u00eancia Brasil<\/span><\/em><\/span><span class=\"assinatura11\"><span style=\"font-family: Arial; color: windowtext;\"> <\/span><\/span><\/span><\/p>\n<p class=\"MsoNormal\"><span style=\"font-family: Arial;\"> <\/span><\/p>\n<p class=\"MsoNormal\"><span style=\"font-family: Arial;\"> <\/span><\/p>\n","protected":false},"excerpt":{"rendered":"<p>A mudan\u00e7a dos percentuais de gastos das c\u00e2maras municipais, aprovada hoje (6) pela Comiss\u00e3o de Constitui\u00e7\u00e3o e Justi\u00e7a (CCJ) do Senado, pode gerar uma economia de R$ 1,8 bilh\u00e3o e permitir\u00e1 o funcionamento dos legislativos municipais. A afirma\u00e7\u00e3o \u00e9 do senador Antonio Carlos Valadares (PSB-SE), autor do voto em separado aprovado na CCJ. Segundo Valadares, [&hellip;]<\/p>\n","protected":false},"author":3,"featured_media":0,"comment_status":"open","ping_status":"open","sticky":false,"template":"","format":"standard","meta":{"tdm_status":"","tdm_grid_status":"","footnotes":""},"categories":[22],"tags":[],"class_list":{"0":"post-1291","1":"post","2":"type-post","3":"status-publish","4":"format-standard","6":"category-brasil"},"_links":{"self":[{"href":"https:\/\/migracao.redenoticia.com.br\/noticia\/wp-json\/wp\/v2\/posts\/1291","targetHints":{"allow":["GET"]}}],"collection":[{"href":"https:\/\/migracao.redenoticia.com.br\/noticia\/wp-json\/wp\/v2\/posts"}],"about":[{"href":"https:\/\/migracao.redenoticia.com.br\/noticia\/wp-json\/wp\/v2\/types\/post"}],"author":[{"embeddable":true,"href":"https:\/\/migracao.redenoticia.com.br\/noticia\/wp-json\/wp\/v2\/users\/3"}],"replies":[{"embeddable":true,"href":"https:\/\/migracao.redenoticia.com.br\/noticia\/wp-json\/wp\/v2\/comments?post=1291"}],"version-history":[{"count":0,"href":"https:\/\/migracao.redenoticia.com.br\/noticia\/wp-json\/wp\/v2\/posts\/1291\/revisions"}],"wp:attachment":[{"href":"https:\/\/migracao.redenoticia.com.br\/noticia\/wp-json\/wp\/v2\/media?parent=1291"}],"wp:term":[{"taxonomy":"category","embeddable":true,"href":"https:\/\/migracao.redenoticia.com.br\/noticia\/wp-json\/wp\/v2\/categories?post=1291"},{"taxonomy":"post_tag","embeddable":true,"href":"https:\/\/migracao.redenoticia.com.br\/noticia\/wp-json\/wp\/v2\/tags?post=1291"}],"curies":[{"name":"wp","href":"https:\/\/api.w.org\/{rel}","templated":true}]}}