{"id":129114,"date":"2017-12-18T16:23:59","date_gmt":"2017-12-18T18:23:59","guid":{"rendered":"https:\/\/www.redenoticia.com.br\/noticia\/?p=129114"},"modified":"2017-12-18T16:23:59","modified_gmt":"2017-12-18T18:23:59","slug":"novela-os-dez-mandamentos-resumo-19-12-arao-segue-em-direcao-ao-deserto","status":"publish","type":"post","link":"https:\/\/migracao.redenoticia.com.br\/noticia\/2017\/novela-os-dez-mandamentos-resumo-19-12-arao-segue-em-direcao-ao-deserto\/129114","title":{"rendered":"Novela \u201cOs Dez Mandamentos\u201d resumo 19\/12: Ar\u00e3o segue em dire\u00e7\u00e3o ao deserto"},"content":{"rendered":"<p> <img loading=\"lazy\" decoding=\"async\" src=\"https:\/\/migracao.redenoticia.com.br\/noticia\/imagens\/resumo_novela_os_dez_mandamentos_record-150x112.jpg\" alt=\"\" width=\"150\" height=\"112\" class=\"alignleft size-thumbnail wp-image-68037\" srcset=\"https:\/\/migracao.redenoticia.com.br\/noticia\/imagens\/resumo_novela_os_dez_mandamentos_record-150x112.jpg 150w, https:\/\/migracao.redenoticia.com.br\/noticia\/imagens\/resumo_novela_os_dez_mandamentos_record-265x198.jpg 265w\" sizes=\"auto, (max-width: 150px) 100vw, 150px\" \/><em><strong>Novela \u201cOs Dez Mandamentos\u201d resumo 19\/12<\/strong><\/em>: no capitulo 106 (*) da novela \u201cOs Dez Mandamentos\u201d, ter\u00e7a-feira, 19 de dezembro, Anr\u00e3o \u00e9 reconhecido pelo oficial, que conta ter participado do clamor para Deus acompanhado dos pais. O oficial pede que os sentinelas liberem Nadabe e Oseias. Ar\u00e3o e Anr\u00e3o ganham a permiss\u00e3o para sair da cidade. Ar\u00e3o segue o caminho em dire\u00e7\u00e3o ao deserto sob o olhar emocionado de Anr\u00e3o. Dat\u00e3, Cor\u00e1 e Abir\u00e3o tentam imaginar o motivo da fuga de Ar\u00e3o. Z\u00edpora assume para Mois\u00e9s que est\u00e1 com medo, mas ir\u00e1 acompanh\u00e1-lo. Eliseba fica aliviada ao saber que Ar\u00e3o conseguiu fugir. Emocionadas, as irm\u00e3s se despedem de Z\u00edpora. Mois\u00e9s promete para Jetro que cuidar\u00e1 bem de Z\u00edpora.<\/p>\n<p>O casal vai embora acompanhado dos filhos e s\u00e3o observados pela fam\u00edlia. Joquebede assume que est\u00e1 ansiosa para rever Mois\u00e9s. Oseias e Calebe saem em dire\u00e7\u00e3o a pedreira. Ana se entristece ao saber que ter\u00e1 que morar no pal\u00e1cio. Karen acha gra\u00e7a ao ver Yunet ser dispensada por Ahm\u00f3s. Cor\u00e1 questiona Anr\u00e3o sobre o paradeiro de Ar\u00e3o. Jairo recebe Oseias, Calebe, Nadabe e Abi\u00fa na pedreira. Ana \u00e9 encaminhada por Karoma at\u00e9 o quarto de Nefertari. Assim como Cor\u00e1, Apuki tamb\u00e9m sente falta de Ar\u00e3o e Anr\u00e3o revela que o filho fugiu do Egito, deixando-os surpresos. Nefertari nota o nervosismo de Ana e resolve test\u00e1-la.<\/p>\n<p>Karen chega para visitar Bak, mas \u00e9 ignorada e ganha o consolo de Abigail. Judite comemora a not\u00edcia de que Ana foi escolhida para ser a dama que acompanhar\u00e1 Nefertari. Ana fica emocionada ao se despedir de Tais, Meketre, Meryt e Hori. Apuki pensa que Ar\u00e3o fugiu por medo de ser morto por ele e preferiu se arriscar no deserto. Bet\u00e2nia surpreende Jetro e as irm\u00e3s ao retornar \u00e0 casa da fam\u00edlia. Mois\u00e9s se abriga com Z\u00edpora e os filhos em uma estalagem. Deus castiga Mois\u00e9s por ele n\u00e3o ter feito a circuncis\u00e3o no filho mais novo.<\/p>\n<p>(*) edi\u00e7\u00e3o da Rede Record, Novela \u201cOs Dez Mandamentos\u201d, sujeito a altera\u00e7\u00e3o de data e conte\u00fado.<\/p>\n<p>\u201cOs Dez Mandamentos\u201d \u00e9 uma telenovela brasileira produzida e exibida pela RecordTV, tendo sua primeira temporada exibida entre 23 de mar\u00e7o e 23 de novembro de 2015 em 176 cap\u00edtulos, substituindo Vit\u00f3ria, e sendo substitu\u00edda pela reprise de Rei Davi. A segunda temporada foi produzida pela Casablanca e exibida de 04 de abril a 04 de julho de 2016 em 66 cap\u00edtulos, substituindo a reprise de Sans\u00e3o e Dalila e sendo substitu\u00edda por A Terra Prometida.<\/p>\n","protected":false},"excerpt":{"rendered":"<p>Novela \u201cOs Dez Mandamentos\u201d resumo 19\/12: no capitulo 106 (*) da novela \u201cOs Dez Mandamentos\u201d, ter\u00e7a-feira, 19 de dezembro, Anr\u00e3o \u00e9 reconhecido pelo oficial, que conta ter participado do clamor para Deus acompanhado dos pais. O oficial pede que os sentinelas liberem Nadabe e Oseias. Ar\u00e3o e Anr\u00e3o ganham a permiss\u00e3o para sair da cidade. [&hellip;]<\/p>\n","protected":false},"author":2,"featured_media":68037,"comment_status":"closed","ping_status":"closed","sticky":false,"template":"","format":"standard","meta":{"tdm_status":"","tdm_grid_status":"","footnotes":""},"categories":[379,424,371,343],"tags":[441],"class_list":{"0":"post-129114","1":"post","2":"type-post","3":"status-publish","4":"format-standard","5":"has-post-thumbnail","7":"category-novelas","8":"category-os-dez-mandamentos","9":"category-rede-record","10":"category-televisao","11":"tag-resumo-do-dia"},"_links":{"self":[{"href":"https:\/\/migracao.redenoticia.com.br\/noticia\/wp-json\/wp\/v2\/posts\/129114","targetHints":{"allow":["GET"]}}],"collection":[{"href":"https:\/\/migracao.redenoticia.com.br\/noticia\/wp-json\/wp\/v2\/posts"}],"about":[{"href":"https:\/\/migracao.redenoticia.com.br\/noticia\/wp-json\/wp\/v2\/types\/post"}],"author":[{"embeddable":true,"href":"https:\/\/migracao.redenoticia.com.br\/noticia\/wp-json\/wp\/v2\/users\/2"}],"replies":[{"embeddable":true,"href":"https:\/\/migracao.redenoticia.com.br\/noticia\/wp-json\/wp\/v2\/comments?post=129114"}],"version-history":[{"count":0,"href":"https:\/\/migracao.redenoticia.com.br\/noticia\/wp-json\/wp\/v2\/posts\/129114\/revisions"}],"wp:featuredmedia":[{"embeddable":true,"href":"https:\/\/migracao.redenoticia.com.br\/noticia\/wp-json\/wp\/v2\/media\/68037"}],"wp:attachment":[{"href":"https:\/\/migracao.redenoticia.com.br\/noticia\/wp-json\/wp\/v2\/media?parent=129114"}],"wp:term":[{"taxonomy":"category","embeddable":true,"href":"https:\/\/migracao.redenoticia.com.br\/noticia\/wp-json\/wp\/v2\/categories?post=129114"},{"taxonomy":"post_tag","embeddable":true,"href":"https:\/\/migracao.redenoticia.com.br\/noticia\/wp-json\/wp\/v2\/tags?post=129114"}],"curies":[{"name":"wp","href":"https:\/\/api.w.org\/{rel}","templated":true}]}}