{"id":129138,"date":"2017-12-19T04:37:52","date_gmt":"2017-12-19T06:37:52","guid":{"rendered":"https:\/\/www.redenoticia.com.br\/noticia\/?p=129138"},"modified":"2017-12-19T04:37:52","modified_gmt":"2017-12-19T06:37:52","slug":"treinamento-tecnico-e-mestrado-em-criptografia-e-seguranca-da-informacao","status":"publish","type":"post","link":"https:\/\/migracao.redenoticia.com.br\/noticia\/2017\/treinamento-tecnico-e-mestrado-em-criptografia-e-seguranca-da-informacao\/129138","title":{"rendered":"Treinamento T\u00e9cnico e Mestrado em Criptografia e Seguran\u00e7a da Informa\u00e7\u00e3o"},"content":{"rendered":"<p> Ag\u00eancia FAPESP\u00a0\u2013 A Escola Polit\u00e9cnica da USP disp\u00f5e de uma <strong><em>oportunidade para mestrado e uma para treinamento t\u00e9cnico<\/em><\/strong> (TT-4A) vinculadas ao projeto\u00a0. O projeto \u00e9 desenvolvido pela Poli em parceria com a Intel Semicondutores do Brasil, no \u00e2mbito do Programa Pesquisa em Parceria para Inova\u00e7\u00e3o Tecnol\u00f3gica (PITE) da FAPESP. O prazo de inscri\u00e7\u00e3o vai at\u00e9 dia 31 de dezembro de 2017.<\/p>\n<p>O projeto vai especificar, desenvolver e analisar sistemas criptogr\u00e1ficos p\u00f3s-qu\u00e2nticos seguros e amig\u00e1veis a hardware, com o objetivo de fornecer uma variedade de servi\u00e7os de seguran\u00e7a, incluindo cifra\u00e7\u00e3o, autentica\u00e7\u00e3o e assinaturas digitais. Criptosistemas p\u00f3s-qu\u00e2nticos envolvem as fam\u00edlias de algoritmos baseados em reticulados (lattices), c\u00f3digos corretores de erros, sistemas multivariados quadr\u00e1ticos (MQ) e esquemas baseados em primitivas criptogr\u00e1ficas sim\u00e9tricas em geral, bem como em fun\u00e7\u00f5es de hash. Os candidatos \u00e0s vagas precisam de uma s\u00f3lida forma\u00e7\u00e3o em criptografia, de prefer\u00eancia com primitivas p\u00f3s-qu\u00e2nticas, e boas habilidades de projeto\/programa\u00e7\u00e3o, de prefer\u00eancia (mas n\u00e3o necessariamente) em linguagens de programa\u00e7\u00e3o como C e\/ou linguagens de descri\u00e7\u00e3o de hardware como VHDL.<\/p>\n<p>Para se inscrever, os interessados devem enviar e-mail para o professor coordenador do projeto,\u00a0\u00a0(msimplicio@larc.usp.br).<\/p>\n<p>Mais informa\u00e7\u00f5es sobre as vagas dispon\u00edveis em\u00a0\u00a0e\u00a0.<\/p>\n<p>A Bolsa da FAPESP para vaga de TT-4A\u00a0 tem valor de R$ 4.950,40. Essa bolsa \u00e9 voltada para alunos graduados do n\u00edvel superior, especialistas em Tecnologia da Informa\u00e7\u00e3o com pelo menos quatro anos de experi\u00eancia sem v\u00ednculo empregat\u00edcio, com dedica\u00e7\u00e3o de 16 a 40 horas semanais \u00e0s atividades de apoio ao projeto de pesquisa.<\/p>\n<p>A Bolsa da FAPESP para a vaga de mestrado (MS-I)\u00a0 tem valor de R$ 1.988,10 e se destina a alunos regularmente matriculados em programas de p\u00f3s-gradua\u00e7\u00e3o de mestrado acad\u00eamico\u00a0stricto sensu\u00a0de institui\u00e7\u00f5es de ensino superior p\u00fablicas ou privadas do Estado de S\u00e3o Paulo, para o desenvolvimento de projeto de pesquisa que resulte em disserta\u00e7\u00e3o.<\/p>\n<p>Mais informa\u00e7\u00f5es sobre as bolsas de treinamento t\u00e9cnico em\u00a0.<\/p>\n<p>Para informa\u00e7\u00f5es sobre bolsas de mestrado acesse\u00a0.<\/p>\n<p>Outras vagas de bolsas, em diversas \u00e1reas do conhecimento, est\u00e3o no site FAPESP-Oportunidades, em\u00a0.<\/p>\n","protected":false},"excerpt":{"rendered":"<p>Ag\u00eancia FAPESP\u00a0\u2013 A Escola Polit\u00e9cnica da USP disp\u00f5e de uma oportunidade para mestrado e uma para treinamento t\u00e9cnico (TT-4A) vinculadas ao projeto\u00a0. O projeto \u00e9 desenvolvido pela Poli em parceria com a Intel Semicondutores do Brasil, no \u00e2mbito do Programa Pesquisa em Parceria para Inova\u00e7\u00e3o Tecnol\u00f3gica (PITE) da FAPESP. O prazo de inscri\u00e7\u00e3o vai at\u00e9 [&hellip;]<\/p>\n","protected":false},"author":2,"featured_media":37419,"comment_status":"closed","ping_status":"closed","sticky":false,"template":"","format":"standard","meta":{"tdm_status":"","tdm_grid_status":"","footnotes":""},"categories":[22,351,370],"tags":[],"class_list":{"0":"post-129138","1":"post","2":"type-post","3":"status-publish","4":"format-standard","5":"has-post-thumbnail","7":"category-brasil","8":"category-cursos","9":"category-inscricao"},"_links":{"self":[{"href":"https:\/\/migracao.redenoticia.com.br\/noticia\/wp-json\/wp\/v2\/posts\/129138","targetHints":{"allow":["GET"]}}],"collection":[{"href":"https:\/\/migracao.redenoticia.com.br\/noticia\/wp-json\/wp\/v2\/posts"}],"about":[{"href":"https:\/\/migracao.redenoticia.com.br\/noticia\/wp-json\/wp\/v2\/types\/post"}],"author":[{"embeddable":true,"href":"https:\/\/migracao.redenoticia.com.br\/noticia\/wp-json\/wp\/v2\/users\/2"}],"replies":[{"embeddable":true,"href":"https:\/\/migracao.redenoticia.com.br\/noticia\/wp-json\/wp\/v2\/comments?post=129138"}],"version-history":[{"count":0,"href":"https:\/\/migracao.redenoticia.com.br\/noticia\/wp-json\/wp\/v2\/posts\/129138\/revisions"}],"wp:featuredmedia":[{"embeddable":true,"href":"https:\/\/migracao.redenoticia.com.br\/noticia\/wp-json\/wp\/v2\/media\/37419"}],"wp:attachment":[{"href":"https:\/\/migracao.redenoticia.com.br\/noticia\/wp-json\/wp\/v2\/media?parent=129138"}],"wp:term":[{"taxonomy":"category","embeddable":true,"href":"https:\/\/migracao.redenoticia.com.br\/noticia\/wp-json\/wp\/v2\/categories?post=129138"},{"taxonomy":"post_tag","embeddable":true,"href":"https:\/\/migracao.redenoticia.com.br\/noticia\/wp-json\/wp\/v2\/tags?post=129138"}],"curies":[{"name":"wp","href":"https:\/\/api.w.org\/{rel}","templated":true}]}}