{"id":129314,"date":"2017-12-20T17:15:42","date_gmt":"2017-12-20T19:15:42","guid":{"rendered":"https:\/\/www.redenoticia.com.br\/noticia\/?p=129314"},"modified":"2017-12-20T17:17:30","modified_gmt":"2017-12-20T19:17:30","slug":"resumo-novela-chiquititas-21-12-gabriela-faz-uma-nova-pintura-e-em-cores-de-mili","status":"publish","type":"post","link":"https:\/\/migracao.redenoticia.com.br\/noticia\/2017\/resumo-novela-chiquititas-21-12-gabriela-faz-uma-nova-pintura-e-em-cores-de-mili\/129314","title":{"rendered":"Resumo novela \u201cChiquititas\u201d 21\/12: Gabriela faz uma nova pintura de Mili"},"content":{"rendered":"<p> <img loading=\"lazy\" decoding=\"async\" class=\"alignleft size-thumbnail wp-image-49690\" src=\"https:\/\/migracao.redenoticia.com.br\/noticia\/imagens\/chiquititas1-150x112.jpg\" alt=\"chiquititas\" width=\"150\" height=\"112\" \/><strong><em>Resumo novela \u201cChiquititas\u201d 21\/12<\/em><\/strong>: no cap\u00edtulo 333(*) da novela \u201cChiquititas\u201d, resumo de quinta-feira, 21 de dezembro, Maria Cec\u00edlia diz para Tobias que ficou incomodada com a bagun\u00e7a que os amigos dele fizeram no apartamento. A pol\u00edcia chega ao apartamento de Bruno, que abre a porta. Dani corre para abra\u00e7ar Carol. O policial pede para Bruno acompanh\u00e1-lo at\u00e9 a delegacia. Com a ajuda de Eduarda, Shirley segue novamente C\u00edcero, que leva o presente para entregar para Tati. Vivi se sai muito bem nas sess\u00f5es de fotos para os cat\u00e1logos em Porto Alegre. Duda e Marian saem juntos para patinarem. C\u00edcero descobre que Eduarda e Shirley est\u00e3o lhe seguindo. Shirley assume que estava seguindo, mas que tem certeza que est\u00e1 sendo tra\u00edda. C\u00edcero diz que jamais trairia Shirley e que o presente \u00e9 para uma crian\u00e7a carente. Dani volta ao orfanato. <\/p>\n<p>C\u00edcero entrega o presente para Tati, que fica feliz.Trata-se de uma caixinha de m\u00fasica. Na cozinha do orfanato, Fernando e Junior conversam. Fernando diz que Carol perceber\u00e1 que fez a decis\u00e3o errada ao escolher Junior. Gabriela, que est\u00e1 sem mem\u00f3ria, faz uma nova pintura e em cores de Mili. A mulher quer saber quem \u00e9 essa garota que mexe com suas emo\u00e7\u00f5es. Duda e Marian v\u00e3o a sorveteria. Bruno vai ao orfanato falar com a filha. Bruno pede perd\u00e3o para Dani, que ama ela e que ir\u00e1 arrumar tudo para voltarem a morar juntos. Dani diz que gosta do pai, mas que Carol cuida melhor dela e, por isso, prefere continuar no orfanato. Bruno diz para Carol que os dois ir\u00e3o disputar a guarda da menina nos tribunais. Gabriela vai at\u00e9 a pra\u00e7a ver se encontra Mili. Miguel v\u00ea pela primeira vez Gabriela, que pensou estar desaparecida.<\/p>\n<p>(*) edi\u00e7\u00e3o do SBT, Novela \u201cChiquititas\u201d, sujeito a altera\u00e7\u00e3o de data e conte\u00fado. <\/p>\n<p>Chiquititas gira em torno do orfanato Raio de Luz, que carrega em sua hist\u00f3ria um grande segredo envolvendo a fam\u00edlia e o dono do orfanato, Dr. Jos\u00e9 Ricardo Almeida Campos. Em um per\u00edodo anterior \u00e0 novela, exatos treze anos, sua filha Gabriela se apaixonou e ficou gr\u00e1vida de Miguel, filho de Valentina, empregada da casa dos Almeida Campos. Pouco depois, Jos\u00e9 Ricardo sequestrou sua neta, pois, como um homem conservador, ele n\u00e3o aceitava a ideia de que sua filha se envolvesse com um empregado. Como sua neta, Milena, apelidada como Mili, precisava de um lugar para morar, ele comprou um casar\u00e3o e fundou um orfanato, o Raio de Luz. <\/p>\n<p>Mili cresceu l\u00e1 com outras garotas que chegaram posteriormente: Bia, Ana, as irm\u00e3s Tati e Vivi, e Cris. Ao decorrer dos anos, elas se tornam uma fam\u00edlia. Elas s\u00e3o supervisionadas por Ernestina, zeladora do orfanato, e Chico, o cozinheiro amado pelas internas. Sofia, ex-governanta da fam\u00edlia Almeida Campos, \u00e9 a diretora do lugar, at\u00e9 que Carmem, irm\u00e3 de Jos\u00e9 Ricardo, entre em seu lugar. Chegam ainda mais \u00f3rf\u00e3os: Pata, Mosca, Binho e Rafa, que viviam nas ruas antes de entrarem na institui\u00e7\u00e3o. Pata e Mili tornam-se amigas rapidamente, enquanto Mosca, Binho e Rafa s\u00e3o os primeiros garotos a entrar no abrigo. As crian\u00e7as sem-teto foram ajudadas por uma doce e bela garota que tocam e mudam a vida delas, assim como as das garotas \u00f3rf\u00e3s.<\/p>\n","protected":false},"excerpt":{"rendered":"<p>Resumo novela \u201cChiquititas\u201d 21\/12: no cap\u00edtulo 333(*) da novela \u201cChiquititas\u201d, resumo de quinta-feira, 21 de dezembro, Maria Cec\u00edlia diz para Tobias que ficou incomodada com a bagun\u00e7a que os amigos dele fizeram no apartamento. A pol\u00edcia chega ao apartamento de Bruno, que abre a porta. Dani corre para abra\u00e7ar Carol. O policial pede para Bruno [&hellip;]<\/p>\n","protected":false},"author":2,"featured_media":49690,"comment_status":"closed","ping_status":"closed","sticky":false,"template":"","format":"standard","meta":{"tdm_status":"","tdm_grid_status":"","footnotes":""},"categories":[409,379,372,343],"tags":[441],"class_list":{"0":"post-129314","1":"post","2":"type-post","3":"status-publish","4":"format-standard","5":"has-post-thumbnail","7":"category-chiquititas","8":"category-novelas","9":"category-sbt","10":"category-televisao","11":"tag-resumo-do-dia"},"_links":{"self":[{"href":"https:\/\/migracao.redenoticia.com.br\/noticia\/wp-json\/wp\/v2\/posts\/129314","targetHints":{"allow":["GET"]}}],"collection":[{"href":"https:\/\/migracao.redenoticia.com.br\/noticia\/wp-json\/wp\/v2\/posts"}],"about":[{"href":"https:\/\/migracao.redenoticia.com.br\/noticia\/wp-json\/wp\/v2\/types\/post"}],"author":[{"embeddable":true,"href":"https:\/\/migracao.redenoticia.com.br\/noticia\/wp-json\/wp\/v2\/users\/2"}],"replies":[{"embeddable":true,"href":"https:\/\/migracao.redenoticia.com.br\/noticia\/wp-json\/wp\/v2\/comments?post=129314"}],"version-history":[{"count":0,"href":"https:\/\/migracao.redenoticia.com.br\/noticia\/wp-json\/wp\/v2\/posts\/129314\/revisions"}],"wp:featuredmedia":[{"embeddable":true,"href":"https:\/\/migracao.redenoticia.com.br\/noticia\/wp-json\/wp\/v2\/media\/49690"}],"wp:attachment":[{"href":"https:\/\/migracao.redenoticia.com.br\/noticia\/wp-json\/wp\/v2\/media?parent=129314"}],"wp:term":[{"taxonomy":"category","embeddable":true,"href":"https:\/\/migracao.redenoticia.com.br\/noticia\/wp-json\/wp\/v2\/categories?post=129314"},{"taxonomy":"post_tag","embeddable":true,"href":"https:\/\/migracao.redenoticia.com.br\/noticia\/wp-json\/wp\/v2\/tags?post=129314"}],"curies":[{"name":"wp","href":"https:\/\/api.w.org\/{rel}","templated":true}]}}