{"id":129316,"date":"2017-12-20T17:17:00","date_gmt":"2017-12-20T19:17:00","guid":{"rendered":"https:\/\/www.redenoticia.com.br\/noticia\/?p=129316"},"modified":"2017-12-20T17:17:00","modified_gmt":"2017-12-20T19:17:00","slug":"resumo-novela-carinha-de-anjo-21-12-uma-nova-aluna-vai-chegar-na-escola","status":"publish","type":"post","link":"https:\/\/migracao.redenoticia.com.br\/noticia\/2017\/resumo-novela-carinha-de-anjo-21-12-uma-nova-aluna-vai-chegar-na-escola\/129316","title":{"rendered":"Resumo novela \u201cCarinha de Anjo\u201d 21\/12: uma nova aluna vai chegar na escola"},"content":{"rendered":"<p> <img loading=\"lazy\" decoding=\"async\" class=\"alignleft size-thumbnail wp-image-99331\" src=\"https:\/\/migracao.redenoticia.com.br\/noticia\/imagens\/carinha_de_anjo_sbt_novela_resumo_capitulo-150x112.jpg\" alt=\"carinha_de_anjo_sbt_novela_resumo_capitulo\" width=\"150\" height=\"112\" srcset=\"https:\/\/migracao.redenoticia.com.br\/noticia\/imagens\/carinha_de_anjo_sbt_novela_resumo_capitulo-150x112.jpg 150w, https:\/\/migracao.redenoticia.com.br\/noticia\/imagens\/carinha_de_anjo_sbt_novela_resumo_capitulo-265x198.jpg 265w\" sizes=\"auto, (max-width: 150px) 100vw, 150px\" \/><strong><em>Resumo novela \u201cCarinha de Anjo\u201d 21\/12<\/em><\/strong>: no cap\u00edtulo 284(*) da novela \u201cCarinha de Anjo\u201d, resumo de quinta-feira, 21 de dezembro, Estef\u00e2nia e Vitor pedem para que Gustavo d\u00ea uma nova oportunidade para Leonardo se integrar a fam\u00edlia. Gustavo concorda ap\u00f3s Cec\u00edlia dizer que \u00e9 uma boa ideia para que ele possa ter uma nova chance de ser melhor. Zeca anuncia para a fam\u00edlia e para Fabiana e P\u00e1scoal que ele e Miguel s\u00e3o oficialmente uma dupla sertaneja com o pequenino fazendo a primeira voz e ele a segunda. Madre Superiora avisa as meninas do col\u00e9gio que uma nova garota chegar\u00e1 na escola onde al\u00e9m de estudar tamb\u00e9m ir\u00e1 morar, diferentemente das demais, que s\u00e3o apenas alunas. A religiosa conta que o nome dela \u00e9 Luciana, acostumada a ser chamada de Lulu. Gustavo chama Leonardo at\u00e9 a Caf\u00e9 Boutique ao lado do Padre Gabriel para convid\u00e1-lo para uma reuni\u00e3o familiar que acontecer\u00e1 na casa de Estef\u00e2nia com Dulce Maria. <\/p>\n<p>(*) edi\u00e7\u00e3o do SBT, Novela \u201cCarinha de Anjo\u201d, sujeito a altera\u00e7\u00e3o de data e conte\u00fado. <\/p>\n<p>Carinha de Anjo \u00e9 uma telenovela brasileira produzida e exibida originalmente pelo SBT desde o dia 21 de novembro de 2016, substituindo o hor\u00e1rio anteriormente ocupado por C\u00famplices de um Resgate. A telenovela \u00e9 inspirada na mexicana Carita de \u00e1ngel, que, por sua vez, \u00e9 um remake de Mundo de juguete, ambas produzidas pela Televisa e que haviam sido baseadas na trama argentina escrita por Abel Santa Cruz, Pap\u00e1 coraz\u00f3n. Esta ser\u00e1 a segunda adapta\u00e7\u00e3o brasileira da obra original argentina, visto que a Rede Tupi apresentou em 1976 a sua primeira vers\u00e3o, chamada de Papai Cora\u00e7\u00e3o. A nova vers\u00e3o \u00e9 escrita por Leonor Corr\u00eaa, com supervis\u00e3o de \u00cdris Abravanel e dire\u00e7\u00e3o geral de Ricardo Mantoanelli. A trama conta com Lorena Queiroz, Bia Arantes, Carlo Porto, Priscila Sol, Dani Gondim, Karin Hils, Eliana Guttman e Lucero nos pap\u00e9is principais. <\/p>\n","protected":false},"excerpt":{"rendered":"<p>Resumo novela \u201cCarinha de Anjo\u201d 21\/12: no cap\u00edtulo 284(*) da novela \u201cCarinha de Anjo\u201d, resumo de quinta-feira, 21 de dezembro, Estef\u00e2nia e Vitor pedem para que Gustavo d\u00ea uma nova oportunidade para Leonardo se integrar a fam\u00edlia. Gustavo concorda ap\u00f3s Cec\u00edlia dizer que \u00e9 uma boa ideia para que ele possa ter uma nova chance [&hellip;]<\/p>\n","protected":false},"author":2,"featured_media":99331,"comment_status":"closed","ping_status":"closed","sticky":false,"template":"","format":"standard","meta":{"tdm_status":"","tdm_grid_status":"","footnotes":""},"categories":[452,379,372,343],"tags":[441],"class_list":{"0":"post-129316","1":"post","2":"type-post","3":"status-publish","4":"format-standard","5":"has-post-thumbnail","7":"category-carinha-de-anjo","8":"category-novelas","9":"category-sbt","10":"category-televisao","11":"tag-resumo-do-dia"},"_links":{"self":[{"href":"https:\/\/migracao.redenoticia.com.br\/noticia\/wp-json\/wp\/v2\/posts\/129316","targetHints":{"allow":["GET"]}}],"collection":[{"href":"https:\/\/migracao.redenoticia.com.br\/noticia\/wp-json\/wp\/v2\/posts"}],"about":[{"href":"https:\/\/migracao.redenoticia.com.br\/noticia\/wp-json\/wp\/v2\/types\/post"}],"author":[{"embeddable":true,"href":"https:\/\/migracao.redenoticia.com.br\/noticia\/wp-json\/wp\/v2\/users\/2"}],"replies":[{"embeddable":true,"href":"https:\/\/migracao.redenoticia.com.br\/noticia\/wp-json\/wp\/v2\/comments?post=129316"}],"version-history":[{"count":0,"href":"https:\/\/migracao.redenoticia.com.br\/noticia\/wp-json\/wp\/v2\/posts\/129316\/revisions"}],"wp:featuredmedia":[{"embeddable":true,"href":"https:\/\/migracao.redenoticia.com.br\/noticia\/wp-json\/wp\/v2\/media\/99331"}],"wp:attachment":[{"href":"https:\/\/migracao.redenoticia.com.br\/noticia\/wp-json\/wp\/v2\/media?parent=129316"}],"wp:term":[{"taxonomy":"category","embeddable":true,"href":"https:\/\/migracao.redenoticia.com.br\/noticia\/wp-json\/wp\/v2\/categories?post=129316"},{"taxonomy":"post_tag","embeddable":true,"href":"https:\/\/migracao.redenoticia.com.br\/noticia\/wp-json\/wp\/v2\/tags?post=129316"}],"curies":[{"name":"wp","href":"https:\/\/api.w.org\/{rel}","templated":true}]}}