{"id":129326,"date":"2017-12-20T17:20:15","date_gmt":"2017-12-20T19:20:15","guid":{"rendered":"https:\/\/www.redenoticia.com.br\/noticia\/?p=129326"},"modified":"2017-12-20T17:20:15","modified_gmt":"2017-12-20T19:20:15","slug":"resumo-novela-malhacao-21-12-roney-se-aproxima-de-gabriel","status":"publish","type":"post","link":"https:\/\/migracao.redenoticia.com.br\/noticia\/2017\/resumo-novela-malhacao-21-12-roney-se-aproxima-de-gabriel\/129326","title":{"rendered":"Resumo novela \u201cMalha\u00e7\u00e3o\u201d 21\/12: Roney se aproxima de Gabriel"},"content":{"rendered":"<p> <img loading=\"lazy\" decoding=\"async\" class=\"alignleft size-thumbnail wp-image-110075\" src=\"https:\/\/migracao.redenoticia.com.br\/noticia\/imagens\/malhacao-viva-a-diferenca-150x112.jpg\" alt=\"\" width=\"150\" height=\"112\" srcset=\"https:\/\/migracao.redenoticia.com.br\/noticia\/imagens\/malhacao-viva-a-diferenca-150x112.jpg 150w, https:\/\/migracao.redenoticia.com.br\/noticia\/imagens\/malhacao-viva-a-diferenca-265x198.jpg 265w\" sizes=\"auto, (max-width: 150px) 100vw, 150px\" \/><strong><em>Resumo novela \u201cMalha\u00e7\u00e3o\u201d 21\/12<\/em><\/strong>: no cap\u00edtulo 162(*) da novela \u201cMalha\u00e7\u00e3o\u201d, resumo de quinta-feira, 21 de dezembro, Roney se desespera com a revela\u00e7\u00e3o de Maria Eduarda. Samantha admira Lica no palco. Marta e Lu\u00eds se empolgam com o projeto sobre a educa\u00e7\u00e3o brasileira. K2 afirma a Valdirene que conseguir\u00e1 ficar com Tato. Keyla comenta com Tato que acredita que haja um mist\u00e9rio em torno de Gabriel. Maria Eduarda afirma que Gabriel fez quest\u00e3o de conhecer Roney, e Josefina apoia o namorado. Ellen e Jota se beijam. Tina e Anderson ficam juntos. Tato se declara para Keyla. Lica e Samantha descobrem que t\u00eam afinidades. Fio e Clara se divertem. Marta conversa com D\u00f3ris. Roney se aproxima de Gabriel, e Maria Eduarda e Josefina se emocionam. <\/p>\n<p>(*) edi\u00e7\u00e3o da Rede Globo, Novela \u201cMalha\u00e7\u00e3o\u201d, sujeito a altera\u00e7\u00e3o de data e conte\u00fado. <\/p>\n<p>A vig\u00e9sima quinta temporada da s\u00e9rie de televis\u00e3o brasileira Malha\u00e7\u00e3o, produzida pela Rede Globo, \u00e9 escrita por Cao Hamburger, com colabora\u00e7\u00e3o de Jaqueline Vargas, Luciana Pessanha, Vitor Brandt e Carolina Ziskind, e conta com a dire\u00e7\u00e3o de Paulo Silvestrini. Pela primeira vez ap\u00f3s vinte e quatro temporadas, a novela ser\u00e1 ambientada nas zonas leste e sul da cidade de S\u00e3o Paulo. A trama \u00e9 protagonizada por Gabriela Medvedovski, Heslaine Vieira, Ana Hikari, Manoela Aliperti e Daphne Bozaski. O elenco tamb\u00e9m \u00e9 composto por Matheus Abreu, Hall Mendes, Juan Piava, Gabriel Calamari, Bruno Gadiol, Giovanna Grigio, Aline Fanju, L\u00facio Mauro Filho, Malu Galli, Angelo Ant\u00f4nio, Daniela Galli, Marcello Antony, Isabella Scherer, Talita Younan e Carol Macedo nos papeis principais. <\/p>\n","protected":false},"excerpt":{"rendered":"<p>Resumo novela \u201cMalha\u00e7\u00e3o\u201d 21\/12: no cap\u00edtulo 162(*) da novela \u201cMalha\u00e7\u00e3o\u201d, resumo de quinta-feira, 21 de dezembro, Roney se desespera com a revela\u00e7\u00e3o de Maria Eduarda. Samantha admira Lica no palco. Marta e Lu\u00eds se empolgam com o projeto sobre a educa\u00e7\u00e3o brasileira. K2 afirma a Valdirene que conseguir\u00e1 ficar com Tato. Keyla comenta com Tato [&hellip;]<\/p>\n","protected":false},"author":2,"featured_media":110075,"comment_status":"closed","ping_status":"closed","sticky":false,"template":"","format":"standard","meta":{"tdm_status":"","tdm_grid_status":"","footnotes":""},"categories":[447,379,375,343],"tags":[441],"class_list":{"0":"post-129326","1":"post","2":"type-post","3":"status-publish","4":"format-standard","5":"has-post-thumbnail","7":"category-malhacao","8":"category-novelas","9":"category-rede-globo","10":"category-televisao","11":"tag-resumo-do-dia"},"_links":{"self":[{"href":"https:\/\/migracao.redenoticia.com.br\/noticia\/wp-json\/wp\/v2\/posts\/129326","targetHints":{"allow":["GET"]}}],"collection":[{"href":"https:\/\/migracao.redenoticia.com.br\/noticia\/wp-json\/wp\/v2\/posts"}],"about":[{"href":"https:\/\/migracao.redenoticia.com.br\/noticia\/wp-json\/wp\/v2\/types\/post"}],"author":[{"embeddable":true,"href":"https:\/\/migracao.redenoticia.com.br\/noticia\/wp-json\/wp\/v2\/users\/2"}],"replies":[{"embeddable":true,"href":"https:\/\/migracao.redenoticia.com.br\/noticia\/wp-json\/wp\/v2\/comments?post=129326"}],"version-history":[{"count":0,"href":"https:\/\/migracao.redenoticia.com.br\/noticia\/wp-json\/wp\/v2\/posts\/129326\/revisions"}],"wp:featuredmedia":[{"embeddable":true,"href":"https:\/\/migracao.redenoticia.com.br\/noticia\/wp-json\/wp\/v2\/media\/110075"}],"wp:attachment":[{"href":"https:\/\/migracao.redenoticia.com.br\/noticia\/wp-json\/wp\/v2\/media?parent=129326"}],"wp:term":[{"taxonomy":"category","embeddable":true,"href":"https:\/\/migracao.redenoticia.com.br\/noticia\/wp-json\/wp\/v2\/categories?post=129326"},{"taxonomy":"post_tag","embeddable":true,"href":"https:\/\/migracao.redenoticia.com.br\/noticia\/wp-json\/wp\/v2\/tags?post=129326"}],"curies":[{"name":"wp","href":"https:\/\/api.w.org\/{rel}","templated":true}]}}