{"id":129412,"date":"2018-01-22T11:01:35","date_gmt":"2018-01-22T13:01:35","guid":{"rendered":"https:\/\/www.redenoticia.com.br\/noticia\/?p=129412"},"modified":"2018-08-13T10:31:21","modified_gmt":"2018-08-13T13:31:21","slug":"bbb18-estreia-em-22-de-janeiro","status":"publish","type":"post","link":"https:\/\/migracao.redenoticia.com.br\/noticia\/2018\/bbb18-estreia-em-22-de-janeiro\/129412","title":{"rendered":"&#8220;BBB&#8221;18: novidades desta edi\u00e7\u00e3o"},"content":{"rendered":"<p><img loading=\"lazy\" decoding=\"async\" class=\"alignleft size-thumbnail wp-image-132206\" src=\"https:\/\/migracao.redenoticia.com.br\/noticia\/imagens\/bbb-1-150x112.jpg\" alt=\"\" width=\"150\" height=\"112\" srcset=\"https:\/\/migracao.redenoticia.com.br\/noticia\/imagens\/bbb-1-150x112.jpg 150w, https:\/\/migracao.redenoticia.com.br\/noticia\/imagens\/bbb-1-265x198.jpg 265w\" sizes=\"auto, (max-width: 150px) 100vw, 150px\" \/>Novidades &#8220;<strong><em>BBB<\/em><\/strong>&#8220;18: o BBB 18 estreia segunda-feira (22). \u00c9 a terceira vez na hist\u00f3ria do programa que a estreia \u00e9 numa segunda-feira. E a grande final \u00e9 pela terceira vez numa quinta-feira. Tiago Leifert segue no comando do programa &#8220;BBB&#8221;18 at\u00e9 a \u00faltima apresenta\u00e7\u00e3o, prevista para dia 19 de abril.<\/p>\n<p>Cadastro para vota\u00e7\u00e3o<br \/>\nNeste ano, pela primeira vez, quem quiser votar nas elimina\u00e7\u00f5es e outras enquetes do BBB deve estar cadastrado. O cadastro \u00e9 gratuito e simples.\u00a0<\/p>\n<p>Casa resort<br \/>\nA nova casa foi decorada para dar &#8220;um clima de f\u00e9rias&#8221;. O espa\u00e7o foi reformulado para fazer lembrar um resort cinco estrelas. A nova piscina ganhou ares de praia. O estilo praiano est\u00e1 tamb\u00e9m no quarto do l\u00edder, agora chamado de bangal\u00f4 do l\u00edder.<\/p>\n<p>C\u00e2mera exclusiva<br \/>\nOs assinantes do Globo Play ter\u00e3o acesso a uma c\u00e2mera do confession\u00e1rio ligada 24 horas. Ela s\u00f3 n\u00e3o estar\u00e1 no ar durante alguns atendimentos m\u00e9dicos.<\/p>\n<p>Acesso por smart TV<br \/>\nAl\u00e9m do confession\u00e1rio, s\u00e3o outras dez c\u00e2meras. Os assinantes podem acess\u00e1-las via smart TV, pelo aplicativo. Antes, isso era poss\u00edvel via mobile ou web. Ser\u00e1 poss\u00edvel ainda ouvir as instru\u00e7\u00f5es da produ\u00e7\u00e3o aos participantes.<\/p>\n<p>As ex-BBBs Fernanda Keulla e Vivian Amorim estar\u00e3o juntas para boletins e em transmiss\u00f5es ao vivo nos perfis oficiais do BBB: @bigbrotherbrasil no Facebook e @bbb no Twitter e no Instagram.<\/p>\n<p>&#8212;<\/p>\n<p>Fonte Rede Globo &#8220;BBB&#8221;18<\/p>\n","protected":false},"excerpt":{"rendered":"<p>Novidades &#8220;BBB&#8220;18: o BBB 18 estreia segunda-feira (22). \u00c9 a terceira vez na hist\u00f3ria do programa que a estreia \u00e9 numa segunda-feira. E a grande final \u00e9 pela terceira vez numa quinta-feira. Tiago Leifert segue no comando do programa &#8220;BBB&#8221;18 at\u00e9 a \u00faltima apresenta\u00e7\u00e3o, prevista para dia 19 de abril. Cadastro para vota\u00e7\u00e3o Neste ano, [&hellip;]<\/p>\n","protected":false},"author":2,"featured_media":132206,"comment_status":"open","ping_status":"closed","sticky":false,"template":"","format":"standard","meta":{"tdm_status":"","tdm_grid_status":"","footnotes":""},"categories":[520,375,343],"tags":[440],"class_list":{"0":"post-129412","1":"post","2":"type-post","3":"status-publish","4":"format-standard","5":"has-post-thumbnail","7":"category-big-brother-brasil","8":"category-rede-globo","9":"category-televisao","10":"tag-noticia-novela"},"_links":{"self":[{"href":"https:\/\/migracao.redenoticia.com.br\/noticia\/wp-json\/wp\/v2\/posts\/129412","targetHints":{"allow":["GET"]}}],"collection":[{"href":"https:\/\/migracao.redenoticia.com.br\/noticia\/wp-json\/wp\/v2\/posts"}],"about":[{"href":"https:\/\/migracao.redenoticia.com.br\/noticia\/wp-json\/wp\/v2\/types\/post"}],"author":[{"embeddable":true,"href":"https:\/\/migracao.redenoticia.com.br\/noticia\/wp-json\/wp\/v2\/users\/2"}],"replies":[{"embeddable":true,"href":"https:\/\/migracao.redenoticia.com.br\/noticia\/wp-json\/wp\/v2\/comments?post=129412"}],"version-history":[{"count":0,"href":"https:\/\/migracao.redenoticia.com.br\/noticia\/wp-json\/wp\/v2\/posts\/129412\/revisions"}],"wp:featuredmedia":[{"embeddable":true,"href":"https:\/\/migracao.redenoticia.com.br\/noticia\/wp-json\/wp\/v2\/media\/132206"}],"wp:attachment":[{"href":"https:\/\/migracao.redenoticia.com.br\/noticia\/wp-json\/wp\/v2\/media?parent=129412"}],"wp:term":[{"taxonomy":"category","embeddable":true,"href":"https:\/\/migracao.redenoticia.com.br\/noticia\/wp-json\/wp\/v2\/categories?post=129412"},{"taxonomy":"post_tag","embeddable":true,"href":"https:\/\/migracao.redenoticia.com.br\/noticia\/wp-json\/wp\/v2\/tags?post=129412"}],"curies":[{"name":"wp","href":"https:\/\/api.w.org\/{rel}","templated":true}]}}