{"id":129437,"date":"2017-12-22T12:04:44","date_gmt":"2017-12-22T14:04:44","guid":{"rendered":"https:\/\/www.redenoticia.com.br\/noticia\/?p=129437"},"modified":"2017-12-25T20:59:45","modified_gmt":"2017-12-25T22:59:45","slug":"novela-os-dez-mandamentos-resumo-25-12-safira-e-agredida-por-cora","status":"publish","type":"post","link":"https:\/\/migracao.redenoticia.com.br\/noticia\/2017\/novela-os-dez-mandamentos-resumo-25-12-safira-e-agredida-por-cora\/129437","title":{"rendered":"Novela \u201cOs Dez Mandamentos\u201d resumo 25\/12: Mois\u00e9s e Ar\u00e3o se encontram no deserto"},"content":{"rendered":"<p> <img loading=\"lazy\" decoding=\"async\" src=\"https:\/\/migracao.redenoticia.com.br\/noticia\/imagens\/resumo_novela_os_dez_mandamentos_record-150x112.jpg\" alt=\"\" width=\"150\" height=\"112\" class=\"alignleft size-thumbnail wp-image-68037\" srcset=\"https:\/\/migracao.redenoticia.com.br\/noticia\/imagens\/resumo_novela_os_dez_mandamentos_record-150x112.jpg 150w, https:\/\/migracao.redenoticia.com.br\/noticia\/imagens\/resumo_novela_os_dez_mandamentos_record-265x198.jpg 265w\" sizes=\"auto, (max-width: 150px) 100vw, 150px\" \/><em><strong>Novela \u201cOs Dez Mandamentos\u201d resumo 25\/12<\/strong><\/em>: no capitulo 110 (*) da novela \u201cOs Dez Mandamentos\u201d, segunda-feira, 25 de dezembro, contrariada, Ana arruma suas coisas para se mudar para o pal\u00e1cio. Anr\u00e3o passa mal e desmaia, sendo socorrido por Itamar e Zelofeade, que o levam para casa. Mois\u00e9s se despede de Z\u00edpora e dos filhos. Karoma recebe Ana no pal\u00e1cio. Ikeni vai at\u00e9 a sala de Simut e presencia uma conversa em que Pepy diz para Simut que gostaria que ele fosse seu pai. Ikeni entra na sala e interrompe a conversa.<\/p>\n<p>Ele diz para o filho que ir\u00e3o passear de biga e deixa o garoto radiante. Nefertari conversa com Rams\u00e9s quando Karoma chega com Ana, lindamente adornada e deixa a o fara\u00f3 completamente enfeiti\u00e7ado. Nefertari percebe o olhar interessado do marido e fica incomodada. Paser e Simut saem para levar oferenda aos deuses e encontram com Yunet, que promete vingan\u00e7a. Joquebede cuida de Anr\u00e3o que est\u00e1 muito debilitado. Mois\u00e9s e Ar\u00e3o finalmente se encontram no deserto e se abra\u00e7am emocionados.<\/p>\n<p>(*) edi\u00e7\u00e3o da Rede Record, Novela \u201cOs Dez Mandamentos\u201d, sujeito a altera\u00e7\u00e3o de data e conte\u00fado.<\/p>\n<p>\u201cOs Dez Mandamentos\u201d \u00e9 uma telenovela brasileira produzida e exibida pela RecordTV, tendo sua primeira temporada exibida entre 23 de mar\u00e7o e 23 de novembro de 2015 em 176 cap\u00edtulos, substituindo Vit\u00f3ria, e sendo substitu\u00edda pela reprise de Rei Davi. A segunda temporada foi produzida pela Casablanca e exibida de 04 de abril a 04 de julho de 2016 em 66 cap\u00edtulos, substituindo a reprise de Sans\u00e3o e Dalila e sendo substitu\u00edda por A Terra Prometida.<\/p>\n","protected":false},"excerpt":{"rendered":"<p>Novela \u201cOs Dez Mandamentos\u201d resumo 25\/12: no capitulo 110 (*) da novela \u201cOs Dez Mandamentos\u201d, segunda-feira, 25 de dezembro, contrariada, Ana arruma suas coisas para se mudar para o pal\u00e1cio. Anr\u00e3o passa mal e desmaia, sendo socorrido por Itamar e Zelofeade, que o levam para casa. Mois\u00e9s se despede de Z\u00edpora e dos filhos. Karoma [&hellip;]<\/p>\n","protected":false},"author":2,"featured_media":68037,"comment_status":"closed","ping_status":"closed","sticky":false,"template":"","format":"standard","meta":{"tdm_status":"","tdm_grid_status":"","footnotes":""},"categories":[379,424,371,343],"tags":[441],"class_list":{"0":"post-129437","1":"post","2":"type-post","3":"status-publish","4":"format-standard","5":"has-post-thumbnail","7":"category-novelas","8":"category-os-dez-mandamentos","9":"category-rede-record","10":"category-televisao","11":"tag-resumo-do-dia"},"_links":{"self":[{"href":"https:\/\/migracao.redenoticia.com.br\/noticia\/wp-json\/wp\/v2\/posts\/129437","targetHints":{"allow":["GET"]}}],"collection":[{"href":"https:\/\/migracao.redenoticia.com.br\/noticia\/wp-json\/wp\/v2\/posts"}],"about":[{"href":"https:\/\/migracao.redenoticia.com.br\/noticia\/wp-json\/wp\/v2\/types\/post"}],"author":[{"embeddable":true,"href":"https:\/\/migracao.redenoticia.com.br\/noticia\/wp-json\/wp\/v2\/users\/2"}],"replies":[{"embeddable":true,"href":"https:\/\/migracao.redenoticia.com.br\/noticia\/wp-json\/wp\/v2\/comments?post=129437"}],"version-history":[{"count":0,"href":"https:\/\/migracao.redenoticia.com.br\/noticia\/wp-json\/wp\/v2\/posts\/129437\/revisions"}],"wp:featuredmedia":[{"embeddable":true,"href":"https:\/\/migracao.redenoticia.com.br\/noticia\/wp-json\/wp\/v2\/media\/68037"}],"wp:attachment":[{"href":"https:\/\/migracao.redenoticia.com.br\/noticia\/wp-json\/wp\/v2\/media?parent=129437"}],"wp:term":[{"taxonomy":"category","embeddable":true,"href":"https:\/\/migracao.redenoticia.com.br\/noticia\/wp-json\/wp\/v2\/categories?post=129437"},{"taxonomy":"post_tag","embeddable":true,"href":"https:\/\/migracao.redenoticia.com.br\/noticia\/wp-json\/wp\/v2\/tags?post=129437"}],"curies":[{"name":"wp","href":"https:\/\/api.w.org\/{rel}","templated":true}]}}