{"id":129448,"date":"2017-12-22T00:05:44","date_gmt":"2017-12-22T02:05:44","guid":{"rendered":"https:\/\/www.redenoticia.com.br\/noticia\/?p=129448"},"modified":"2017-12-21T17:25:05","modified_gmt":"2017-12-21T19:25:05","slug":"usp-anuncia-projeto-de-restauro-do-museu-paulista","status":"publish","type":"post","link":"https:\/\/migracao.redenoticia.com.br\/noticia\/2017\/usp-anuncia-projeto-de-restauro-do-museu-paulista\/129448","title":{"rendered":"USP anuncia projeto de restauro do Museu Paulista"},"content":{"rendered":"<p> Ag\u00eancia FAPESP\u00a0\u2013 A USP anunciou, no dia 18 de dezembro, os projetos vencedores do concurso nacional de arquitetura para o restauro e a <strong><em>moderniza\u00e7\u00e3o do edif\u00edcio-monumento do Museu Paulista<\/em><\/strong> (MP), localizado no bairro do Ipiranga, em S\u00e3o Paulo.<\/p>\n<p>Segundo a USP, a empresa vencedora, que ganhou o direito de celebrar o contrato para o desenvolvimento do projeto executivo das obras e receber\u00e1 o pr\u00eamio de R$ 25 mil, foi a Here\u00f1u + Ferroni Arquiteto. Al\u00e9m da empresa vencedora, outros dois projetos foram premiados: em segundo lugar, o escrit\u00f3rio Pires Giovanetti Guardia Engenharia Arquitetura e, em terceiro, Arquiteto Hector Vigliecca e Associados, que receber\u00e3o R$ 15 mil e R$ 10 mil, respectivamente.<\/p>\n<p>Com o an\u00fancio do projeto vencedor, o Museu do Ipiranga j\u00e1 come\u00e7a a ter um retrato de como ficar\u00e1 em 2022.<\/p>\n<p>\u201cEstamos agora entrando na reta final para equacionar as necessidades e os problemas diagnosticados no edif\u00edcio-monumento nos trabalhos de prospec\u00e7\u00e3o realizados nos \u00faltimos anos\u201d, disse Solange Ferraz de Lima, diretora do museu.<\/p>\n<p>O vencedor ter\u00e1 o prazo de 12 meses, a contar da assinatura do contrato, para a elabora\u00e7\u00e3o do projeto executivo, com um custo de R$ 5,6 milh\u00f5es. Com o projeto finalizado, a USP poder\u00e1 efetuar a licita\u00e7\u00e3o das obras, que dever\u00e3o ter in\u00edcio em 2019. A previs\u00e3o \u00e9 que o museu seja reaberto em 2022, nas celebra\u00e7\u00f5es do Bicenten\u00e1rio da Independ\u00eancia. O edif\u00edcio passar\u00e1 a ser dedicado exclusivamente \u00e0 visita\u00e7\u00e3o p\u00fablica, com exposi\u00e7\u00f5es e espa\u00e7os de frui\u00e7\u00e3o visual de sua arquitetura monumental.<\/p>\n<p>O Museu do Ipiranga foi fechado \u00e0 visita\u00e7\u00e3o p\u00fablica em 2013 e, desde ent\u00e3o, o pr\u00e9dio vem passando por uma s\u00e9rie de interven\u00e7\u00f5es estruturais. Paralelamente, o museu come\u00e7ou a tratar da transfer\u00eancia de seus acervos para viabilizar a execu\u00e7\u00e3o das obras, tendo sido conclu\u00eddas e reabertas ao p\u00fablico a Biblioteca e a \u00e1rea de Documenta\u00e7\u00e3o Hist\u00f3rica e Iconografia.<\/p>\n<p>O concurso foi lan\u00e7ado no \u00faltimo 7 de setembro, dentro das comemora\u00e7\u00f5es do Museu do Ipiranga em Festa. Ainda em setembro, foram realizadas duas visitas t\u00e9cnicas com os interessados, al\u00e9m do atendimento aos esclarecimentos por meio da publica\u00e7\u00e3o das respostas no site oficial do concurso (). De um total de 13 trabalhos inscritos, nove foram habilitados para a participa\u00e7\u00e3o.<\/p>\n<p>Leia mais em:\u00a0.<\/p>\n","protected":false},"excerpt":{"rendered":"<p>Ag\u00eancia FAPESP\u00a0\u2013 A USP anunciou, no dia 18 de dezembro, os projetos vencedores do concurso nacional de arquitetura para o restauro e a moderniza\u00e7\u00e3o do edif\u00edcio-monumento do Museu Paulista (MP), localizado no bairro do Ipiranga, em S\u00e3o Paulo. Segundo a USP, a empresa vencedora, que ganhou o direito de celebrar o contrato para o desenvolvimento [&hellip;]<\/p>\n","protected":false},"author":2,"featured_media":28951,"comment_status":"closed","ping_status":"closed","sticky":false,"template":"","format":"standard","meta":{"tdm_status":"","tdm_grid_status":"","footnotes":""},"categories":[22],"tags":[],"class_list":{"0":"post-129448","1":"post","2":"type-post","3":"status-publish","4":"format-standard","5":"has-post-thumbnail","7":"category-brasil"},"_links":{"self":[{"href":"https:\/\/migracao.redenoticia.com.br\/noticia\/wp-json\/wp\/v2\/posts\/129448","targetHints":{"allow":["GET"]}}],"collection":[{"href":"https:\/\/migracao.redenoticia.com.br\/noticia\/wp-json\/wp\/v2\/posts"}],"about":[{"href":"https:\/\/migracao.redenoticia.com.br\/noticia\/wp-json\/wp\/v2\/types\/post"}],"author":[{"embeddable":true,"href":"https:\/\/migracao.redenoticia.com.br\/noticia\/wp-json\/wp\/v2\/users\/2"}],"replies":[{"embeddable":true,"href":"https:\/\/migracao.redenoticia.com.br\/noticia\/wp-json\/wp\/v2\/comments?post=129448"}],"version-history":[{"count":0,"href":"https:\/\/migracao.redenoticia.com.br\/noticia\/wp-json\/wp\/v2\/posts\/129448\/revisions"}],"wp:featuredmedia":[{"embeddable":true,"href":"https:\/\/migracao.redenoticia.com.br\/noticia\/wp-json\/wp\/v2\/media\/28951"}],"wp:attachment":[{"href":"https:\/\/migracao.redenoticia.com.br\/noticia\/wp-json\/wp\/v2\/media?parent=129448"}],"wp:term":[{"taxonomy":"category","embeddable":true,"href":"https:\/\/migracao.redenoticia.com.br\/noticia\/wp-json\/wp\/v2\/categories?post=129448"},{"taxonomy":"post_tag","embeddable":true,"href":"https:\/\/migracao.redenoticia.com.br\/noticia\/wp-json\/wp\/v2\/tags?post=129448"}],"curies":[{"name":"wp","href":"https:\/\/api.w.org\/{rel}","templated":true}]}}