{"id":129454,"date":"2017-12-22T01:04:40","date_gmt":"2017-12-22T03:04:40","guid":{"rendered":"https:\/\/www.redenoticia.com.br\/noticia\/?p=129454"},"modified":"2017-12-21T17:36:05","modified_gmt":"2017-12-21T19:36:05","slug":"corpo-de-bombeiros-alerta-sobre-o-mar-agua-no-umbigo-sinal-de-perigo","status":"publish","type":"post","link":"https:\/\/migracao.redenoticia.com.br\/noticia\/2017\/corpo-de-bombeiros-alerta-sobre-o-mar-agua-no-umbigo-sinal-de-perigo\/129454","title":{"rendered":"Corpo de Bombeiros alerta sobre o mar: \u00e1gua no umbigo sinal de perigo"},"content":{"rendered":"<p> Ver\u00e3o combina com calor e mar. A \u00e1gua do mar \u00e9 uma forma de refrescar o corpo, mas esconde alguns perigos. Para n\u00e3o correr riscos, vale a m\u00e1xima do Corpo de Bombeiros: \u201c\u00e1gua no umbigo sinal de perigo\u201d. A dica \u00e9 brincar com seguran\u00e7a, procurando ficar perto dos <strong><em>guarda-vidas<\/em><\/strong> e sem abusos.<\/p>\n<p>N\u00e3o despreze as sinaliza\u00e7\u00f5es que indicam \u201ccorrentes\u201d ou \u201ccanais\u201d de \u00e1gua que puxam para dentro do mar. Caso voc\u00ea n\u00e3o aviste um desses avisos na praia, procure os guarda-vidas e pergunte qual o local mais seguro para nadar.<\/p>\n<p>Os Bombeiros tamb\u00e9m recomendam para nunca entrar no mar ap\u00f3s ingerir bebida alco\u00f3lica, pois o \u00e1lcool inibe a no\u00e7\u00e3o de perigo. Nadar ou brincar no mar depois de comer tamb\u00e9m n\u00e3o \u00e9 recomendado, sob risco de congest\u00e3o. Outra dica \u00e9 manter-se afastado de pedras e costeiras, que propiciam a forma\u00e7\u00e3o de correnteza e dificultam o socorro.<\/p>\n<p>Quando houver crian\u00e7as ao redor, redobre a aten\u00e7\u00e3o. Uma prancha, por exemplo, pode machucar com a quilha ou com o bico. Outra dica \u00e9 colocar no bra\u00e7o da crian\u00e7a uma pulseira de identifica\u00e7\u00e3o com nome completo e telefone de contato para facilitar a localiza\u00e7\u00e3o em uma eventual perda.<\/p>\n<p>Observe seus limites e as indica\u00e7\u00f5es dos guarda-vidas. Para brincar no mar com seguran\u00e7a, \u00e1gua sempre abaixo da cintura.<\/p>\n<p>#Opera\u00e7\u00e3oVer\u00e3oSP<br \/>\nDo Portal do Governo SP<\/p>\n","protected":false},"excerpt":{"rendered":"<p>Ver\u00e3o combina com calor e mar. A \u00e1gua do mar \u00e9 uma forma de refrescar o corpo, mas esconde alguns perigos. Para n\u00e3o correr riscos, vale a m\u00e1xima do Corpo de Bombeiros: \u201c\u00e1gua no umbigo sinal de perigo\u201d. A dica \u00e9 brincar com seguran\u00e7a, procurando ficar perto dos guarda-vidas e sem abusos. N\u00e3o despreze as [&hellip;]<\/p>\n","protected":false},"author":2,"featured_media":41101,"comment_status":"closed","ping_status":"closed","sticky":false,"template":"","format":"standard","meta":{"tdm_status":"","tdm_grid_status":"","footnotes":""},"categories":[22,5],"tags":[],"class_list":{"0":"post-129454","1":"post","2":"type-post","3":"status-publish","4":"format-standard","5":"has-post-thumbnail","7":"category-brasil","8":"category-saude-e-vida"},"_links":{"self":[{"href":"https:\/\/migracao.redenoticia.com.br\/noticia\/wp-json\/wp\/v2\/posts\/129454","targetHints":{"allow":["GET"]}}],"collection":[{"href":"https:\/\/migracao.redenoticia.com.br\/noticia\/wp-json\/wp\/v2\/posts"}],"about":[{"href":"https:\/\/migracao.redenoticia.com.br\/noticia\/wp-json\/wp\/v2\/types\/post"}],"author":[{"embeddable":true,"href":"https:\/\/migracao.redenoticia.com.br\/noticia\/wp-json\/wp\/v2\/users\/2"}],"replies":[{"embeddable":true,"href":"https:\/\/migracao.redenoticia.com.br\/noticia\/wp-json\/wp\/v2\/comments?post=129454"}],"version-history":[{"count":0,"href":"https:\/\/migracao.redenoticia.com.br\/noticia\/wp-json\/wp\/v2\/posts\/129454\/revisions"}],"wp:featuredmedia":[{"embeddable":true,"href":"https:\/\/migracao.redenoticia.com.br\/noticia\/wp-json\/wp\/v2\/media\/41101"}],"wp:attachment":[{"href":"https:\/\/migracao.redenoticia.com.br\/noticia\/wp-json\/wp\/v2\/media?parent=129454"}],"wp:term":[{"taxonomy":"category","embeddable":true,"href":"https:\/\/migracao.redenoticia.com.br\/noticia\/wp-json\/wp\/v2\/categories?post=129454"},{"taxonomy":"post_tag","embeddable":true,"href":"https:\/\/migracao.redenoticia.com.br\/noticia\/wp-json\/wp\/v2\/tags?post=129454"}],"curies":[{"name":"wp","href":"https:\/\/api.w.org\/{rel}","templated":true}]}}