{"id":129484,"date":"2017-12-21T17:46:56","date_gmt":"2017-12-21T19:46:56","guid":{"rendered":"https:\/\/www.redenoticia.com.br\/noticia\/?p=129484"},"modified":"2017-12-21T17:46:56","modified_gmt":"2017-12-21T19:46:56","slug":"resumo-novela-um-caminho-para-o-destino-22-12-fernanda-ganha-liberdade","status":"publish","type":"post","link":"https:\/\/migracao.redenoticia.com.br\/noticia\/2017\/resumo-novela-um-caminho-para-o-destino-22-12-fernanda-ganha-liberdade\/129484","title":{"rendered":"Resumo novela \u201cUm Caminho Para o Destino\u201d 22\/12: Fernanda ganha liberdade"},"content":{"rendered":"<p> <img loading=\"lazy\" decoding=\"async\" class=\"alignleft size-thumbnail wp-image-119749\" src=\"https:\/\/migracao.redenoticia.com.br\/noticia\/imagens\/um_caminho_destino_novela_sbt_resumo-150x112.jpg\" alt=\"\" width=\"150\" height=\"112\" srcset=\"https:\/\/migracao.redenoticia.com.br\/noticia\/imagens\/um_caminho_destino_novela_sbt_resumo-150x112.jpg 150w, https:\/\/migracao.redenoticia.com.br\/noticia\/imagens\/um_caminho_destino_novela_sbt_resumo-265x198.jpg 265w\" sizes=\"auto, (max-width: 150px) 100vw, 150px\" \/><strong><em>Resumo novela \u201cUm Caminho Para o Destino\u201d 22\/12<\/em><\/strong>: no cap\u00edtulo 085(*) da novela \u201cUm Caminho Para o Destino\u201d, resumo de sexta-feira, 22 de dezembro, Pedro diz a Fernanda que cuidar\u00e1 de seu filho enquanto ela estiver na cadeia e que o amar\u00e1 tanto quanto a ela. Mariana consegue que Am\u00e9lia seja presa sob a acusa\u00e7\u00e3o de ter sequestrado o pr\u00f3prio pai e pede a Luiz que fa\u00e7a de tudo para que fique presa. <\/p>\n<p>Carlos relembra os momentos felizes que passou com Fernanda e fica surpreso quando o Dr. In\u00e1cio diz a ele que Fernanda est\u00e1 estudando m\u00fasica na Espanha. Fernanda, por sua vez, acredita estar agindo certo ao se afastar de Carlos para que ele possa refazer sua vida. Am\u00e9lia entristece ao ver que seu pai n\u00e3o apresenta nenhuma melhora. Fernanda d\u00e1 \u00e0 luz seu filho desejando que Carlos estivesse a seu lado nesse momento. Hernani diz a Mariana que j\u00e1 n\u00e3o \u00e9 seu c\u00famplice. <\/p>\n<p>Fernanda diz que seu filho se chamar\u00e1 Pedro Fernando e chora ao ter que se despedir dele para que viva com Pedro. Ela pede a ele que nunca leve o menino para visit\u00e1-la na cadeia. Depois, conversando com Maribel, ela desabafa e diz que mesmo tendo feito o poss\u00edvel para que Carlos n\u00e3o ficasse sabendo de sua situa\u00e7\u00e3o, esperava que a procurasse. Felipe diz a Fernanda que ele ganhou o recurso em \u00faltima est\u00e2ncia e agora \u00e9 uma mulher livre. <\/p>\n<p>(*) edi\u00e7\u00e3o do SBT, Novela \u201cUm Caminho Para o Destino\u201d, sujeito a altera\u00e7\u00e3o de data e conte\u00fado. <\/p>\n<p>Na fazenda da fam\u00edlia Altamirano vive Don Fernando, um vi\u00favo e pai de duas jovens: Amelia, a mais nova e sua consentida, e Mariana, a filha mais velha. Com eles tamb\u00e9m vivem Blanca, que cuida das filhas de Don Fernando desde o falecimento da m\u00e3e delas no parto de Amelia, e Pedro P\u00e9rez, o jardineiro da fazenda, que \u00e9 apaixonado por Amelia. Por\u00e9m Amelia \u00e9 apaixonada por Luis Montero, um estudante de direito cheio de ambi\u00e7\u00f5es. Amelia acaba se entregando a Luis e acaba engravidando. <\/p>\n<p>Ao saber da gravidez, Luis despreza Amelia e se casa com Marissa, uma rica vi\u00fava milion\u00e1ria e m\u00e3e de Carlos. Don Fernando, ao saber da gravidez de Amelia, acredita que o filho \u00e9 de Pedro e os expulsa da fazenda. Um tempo depois, Amelia e Pedro se casam e ele assume a paternidade da crian\u00e7a que ao nascer, \u00e9 batizada de Luisa Fernanda. 18 anos depois Luisa Fernanda \u00e9 uma linda mo\u00e7a que tem duas paix\u00f5es na vida: tocar violino e plantar, h\u00e1bitos que aprendeu com seu pai Pedro. Um certo dia, Luis, seu pai biol\u00f3gico, a atropela e a leva para o hospital onde trabalha seu enteado Carlos. A partir desse momento, nasce um amor entre eles. Carlos \u00e9 namorado de Isabela, ex-miss universo e uma solicitada modelo, mas termina com ela ao se apaixonar por Fernanda. <\/p>\n","protected":false},"excerpt":{"rendered":"<p>Resumo novela \u201cUm Caminho Para o Destino\u201d 22\/12: no cap\u00edtulo 085(*) da novela \u201cUm Caminho Para o Destino\u201d, resumo de sexta-feira, 22 de dezembro, Pedro diz a Fernanda que cuidar\u00e1 de seu filho enquanto ela estiver na cadeia e que o amar\u00e1 tanto quanto a ela. Mariana consegue que Am\u00e9lia seja presa sob a acusa\u00e7\u00e3o [&hellip;]<\/p>\n","protected":false},"author":2,"featured_media":119749,"comment_status":"closed","ping_status":"closed","sticky":false,"template":"","format":"standard","meta":{"tdm_status":"","tdm_grid_status":"","footnotes":""},"categories":[379,372,343],"tags":[441],"class_list":{"0":"post-129484","1":"post","2":"type-post","3":"status-publish","4":"format-standard","5":"has-post-thumbnail","7":"category-novelas","8":"category-sbt","9":"category-televisao","10":"tag-resumo-do-dia"},"_links":{"self":[{"href":"https:\/\/migracao.redenoticia.com.br\/noticia\/wp-json\/wp\/v2\/posts\/129484","targetHints":{"allow":["GET"]}}],"collection":[{"href":"https:\/\/migracao.redenoticia.com.br\/noticia\/wp-json\/wp\/v2\/posts"}],"about":[{"href":"https:\/\/migracao.redenoticia.com.br\/noticia\/wp-json\/wp\/v2\/types\/post"}],"author":[{"embeddable":true,"href":"https:\/\/migracao.redenoticia.com.br\/noticia\/wp-json\/wp\/v2\/users\/2"}],"replies":[{"embeddable":true,"href":"https:\/\/migracao.redenoticia.com.br\/noticia\/wp-json\/wp\/v2\/comments?post=129484"}],"version-history":[{"count":0,"href":"https:\/\/migracao.redenoticia.com.br\/noticia\/wp-json\/wp\/v2\/posts\/129484\/revisions"}],"wp:featuredmedia":[{"embeddable":true,"href":"https:\/\/migracao.redenoticia.com.br\/noticia\/wp-json\/wp\/v2\/media\/119749"}],"wp:attachment":[{"href":"https:\/\/migracao.redenoticia.com.br\/noticia\/wp-json\/wp\/v2\/media?parent=129484"}],"wp:term":[{"taxonomy":"category","embeddable":true,"href":"https:\/\/migracao.redenoticia.com.br\/noticia\/wp-json\/wp\/v2\/categories?post=129484"},{"taxonomy":"post_tag","embeddable":true,"href":"https:\/\/migracao.redenoticia.com.br\/noticia\/wp-json\/wp\/v2\/tags?post=129484"}],"curies":[{"name":"wp","href":"https:\/\/api.w.org\/{rel}","templated":true}]}}