{"id":13023,"date":"2009-09-29T21:28:24","date_gmt":"2009-09-30T01:28:24","guid":{"rendered":"http:\/\/www.redenoticia.com.br\/noticia\/?p=13023"},"modified":"2009-09-29T21:28:24","modified_gmt":"2009-09-30T01:28:24","slug":"climatempo-meteorologia-%e2%80%93-previsao-do-tempo-nesta-quarta-feira-3009","status":"publish","type":"post","link":"https:\/\/migracao.redenoticia.com.br\/noticia\/2009\/climatempo-meteorologia-%e2%80%93-previsao-do-tempo-nesta-quarta-feira-3009\/13023","title":{"rendered":"Climatempo Meteorologia \u2013 previs\u00e3o do tempo nesta quarta-feira (30\/09)"},"content":{"rendered":"<p><a href=\"https:\/\/migracao.redenoticia.com.br\/noticia\/imagens\/\/climatempo.jpg\"><img loading=\"lazy\" decoding=\"async\" class=\"alignleft size-full wp-image-10683\" title=\"climatempo\" src=\"https:\/\/migracao.redenoticia.com.br\/noticia\/imagens\/\/climatempo.jpg\" alt=\"climatempo\" width=\"150\" height=\"113\" srcset=\"https:\/\/migracao.redenoticia.com.br\/noticia\/imagens\/climatempo.jpg 150w, https:\/\/migracao.redenoticia.com.br\/noticia\/imagens\/climatempo-148x112.jpg 148w\" sizes=\"auto, (max-width: 150px) 100vw, 150px\" \/><\/a><strong>Climatempo Meteorologia<\/strong> &#8211; Na quarta-feira (30\/09), a passagem da frente fria fecha o tempo em grande parte do <strong>Sudeste <\/strong>brasileiro. O sol aparece pouco entre muitas nuvens no oeste de S\u00e3o Paulo e no noroeste de Minas Gerais. O sol n\u00e3o aparece nas demais regi\u00f5es No Sul de Minas e no interior de S\u00e3o Paulo a previs\u00e3o \u00e9 de chuvisco enquanto que nas outras \u00e1reas a previs\u00e3o \u00e9 de chuva com moderada intensidade. O sol brilha forte em todas as \u00e1reas da Regi\u00e3o <strong>Norte<\/strong> do Brasil O tempo abafado e quente, favorece a forma\u00e7\u00e3o de nuvens e ocorrem pancadas isoladas de chuva \u00e0 tarde em todos os estados do Norte brasileiro.<\/p>\n<p>Dados Climatempo indicam que, no <strong>Nordeste,<\/strong> uma nova frente fria deixa o tempo chuvoso no sul da Bahia e no Planalto da Conquista. Sol forte e chuva r\u00e1pida no sul e no oeste do Maranh\u00e3o. Na Bahia, tempo firme apenas no norte do Estado. Nas demais \u00e1reas baianas, o sol aparece, mas a medida que a frente fria avan\u00e7a, as nuvens aumentam e ocorrem pancadas de chuva. Sol forte e chuva passageira no litoral leste entre o Rio Grande do Norte e o Sergipe. O ar mais seco deixa o tempo firme nas demais \u00e1reas.No <strong>Sul<\/strong>, novas \u00e1reas de instabilidade avan\u00e7am sobre a Regi\u00e3o e o tempo fica chuvoso no Rio Grande do Sul. O sol aparece fraco entre muitas nuvens e chove a qualquer hora nas demais \u00e1reas da Regi\u00e3o. Faz frio.<\/p>\n<p>Na quarta-feira, segundo a Climatempo Meteorologia, o sol aparece fraco entre muitas nuvens e chove no sul de Mato Grosso do Sul. Nas demais \u00e1reas do <strong>Centro-Oeste<\/strong>, o sol brilha forte, mas as nuvens aumentam ao longo do dia e ocorrem algumas pancadas de chuva.<\/p>\n<p>Sobre o Grupo Climatempo &#8211; O Grupo Climatempo \u00e9 a maior empresa privada de meteorologia da Am\u00e9rica Latina. Uma holding formada pela Climatempo Consultoria, Ag\u00eancia Climatempo, a TV Climatempo e a CLIMANET (Internet, servi\u00e7os de tecnologia e inform\u00e1tica). Atualmente, o Grupo Climatempo fornece conte\u00fado para os principais portais do pa\u00eds, mais de 50 retransmissoras de televis\u00e3o do Brasil e tem cerca de mil clientes. Os dois principais segmentos atendidos s\u00e3o o de agroneg\u00f3cios e meios de comunica\u00e7\u00e3o. Al\u00e9m destes, fornece conte\u00fado meteorol\u00f3gico estrat\u00e9gico para produtoras, a ind\u00fastria eletroeletr\u00f4nica e t\u00eaxtil, com\u00e9rcio, moda e turismo, entre outros setores.<\/p>\n<p>O Grupo \u00e9 presidido pelo meteorologista Carlos Magno, um dos precursores da profiss\u00e3o no Pa\u00eds, com mais de 23 anos de carreira, que ajudou a mudar a cultura que o brasileiro tinha sobre a meteorologia. O Grupo Climatempo conta ainda com Ana L\u00facia Frony vice-presidente, Renato Urbinder, s\u00f3cio-diretor (Diretor de Neg\u00f3cios e Projetos Especiais), e os diretores executivos Gilca Palma (Climatempo Meteorologia), Andr\u00e9 Madeira (Ag\u00eancia Climatempo) e o jornalista Paulo Polli (TV Climatempo) no Conselho Consultivo.<\/p>\n","protected":false},"excerpt":{"rendered":"<p>Climatempo Meteorologia &#8211; Na quarta-feira (30\/09), a passagem da frente fria fecha o tempo em grande parte do Sudeste brasileiro. O sol aparece pouco entre muitas nuvens no oeste de S\u00e3o Paulo e no noroeste de Minas Gerais. O sol n\u00e3o aparece nas demais regi\u00f5es No Sul de Minas e no interior de S\u00e3o Paulo [&hellip;]<\/p>\n","protected":false},"author":3,"featured_media":0,"comment_status":"open","ping_status":"open","sticky":false,"template":"","format":"standard","meta":{"tdm_status":"","tdm_grid_status":"","footnotes":""},"categories":[22,327,376],"tags":[],"class_list":{"0":"post-13023","1":"post","2":"type-post","3":"status-publish","4":"format-standard","6":"category-brasil","7":"category-clima","8":"category-clima-brasil"},"_links":{"self":[{"href":"https:\/\/migracao.redenoticia.com.br\/noticia\/wp-json\/wp\/v2\/posts\/13023","targetHints":{"allow":["GET"]}}],"collection":[{"href":"https:\/\/migracao.redenoticia.com.br\/noticia\/wp-json\/wp\/v2\/posts"}],"about":[{"href":"https:\/\/migracao.redenoticia.com.br\/noticia\/wp-json\/wp\/v2\/types\/post"}],"author":[{"embeddable":true,"href":"https:\/\/migracao.redenoticia.com.br\/noticia\/wp-json\/wp\/v2\/users\/3"}],"replies":[{"embeddable":true,"href":"https:\/\/migracao.redenoticia.com.br\/noticia\/wp-json\/wp\/v2\/comments?post=13023"}],"version-history":[{"count":0,"href":"https:\/\/migracao.redenoticia.com.br\/noticia\/wp-json\/wp\/v2\/posts\/13023\/revisions"}],"wp:attachment":[{"href":"https:\/\/migracao.redenoticia.com.br\/noticia\/wp-json\/wp\/v2\/media?parent=13023"}],"wp:term":[{"taxonomy":"category","embeddable":true,"href":"https:\/\/migracao.redenoticia.com.br\/noticia\/wp-json\/wp\/v2\/categories?post=13023"},{"taxonomy":"post_tag","embeddable":true,"href":"https:\/\/migracao.redenoticia.com.br\/noticia\/wp-json\/wp\/v2\/tags?post=13023"}],"curies":[{"name":"wp","href":"https:\/\/api.w.org\/{rel}","templated":true}]}}