{"id":13044,"date":"2009-09-30T09:08:18","date_gmt":"2009-09-30T13:08:18","guid":{"rendered":"http:\/\/www.redenoticia.com.br\/noticia\/?p=13044"},"modified":"2009-10-06T14:08:45","modified_gmt":"2009-10-06T18:08:45","slug":"em-outubro-chega-a-terceira-temporada-de-tnt-filme%c2%ae","status":"publish","type":"post","link":"https:\/\/migracao.redenoticia.com.br\/noticia\/2009\/em-outubro-chega-a-terceira-temporada-de-tnt-filme%c2%ae\/13044","title":{"rendered":"Em outubro, chega a terceira temporada de TNT + filme\u00ae"},"content":{"rendered":"<p><a href=\"https:\/\/migracao.redenoticia.com.br\/noticia\/imagens\/\/filmes.jpg\"><img loading=\"lazy\" decoding=\"async\" class=\"alignleft size-full wp-image-10161\" title=\"filmes\" src=\"https:\/\/migracao.redenoticia.com.br\/noticia\/imagens\/\/filmes.jpg\" alt=\"filmes\" width=\"150\" height=\"113\" \/><\/a>A vida imita a arte &#8211; mas a arte tamb\u00e9m imita a vida. Este \u00e9 o mote da revista eletr\u00f4nica TNT+FILME\u00ae, produ\u00e7\u00e3o original da TNT que chega \u00e0 sua terceira temporada em outubro. A partir da ter\u00e7a-feira, dia 6, o canal exibe novos epis\u00f3dios do programa, apresentado pela atriz Virginia Cavendish (Lisbela e o Prisioneiro, O Auto da Compadecida) e pelo cr\u00edtico de cinema Rubens Ewald Filho. \u00a0A proposta do TNT+FILME\u00ae \u00e9 ser uma esp\u00e9cie de jogo que pretende mostrar como o cinema afeta e est\u00e1 presente no nosso cotidiano. Usando reportagens, entrevistas com celebridades, trechos de filmes e cenas de bastidores, Virginia vai apresentando pistas da equa\u00e7\u00e3o final para que os espectadores tentem adivinhar qual \u00e9 o filme-tema do epis\u00f3dio. Ao final, Rubens, considerado uma enciclop\u00e9dia viva do cinema, faz suas considera\u00e7\u00f5es e apresenta a resposta.<\/p>\n<p>Entre os entrevistados desta nova temporada, est\u00e3o os atores Selton Mello, Denise Fraga, Bruna Lombardi e Carlos Alberto Ricelli, os diretores La\u00eds Bodanzky, Jo\u00e3o Moreira Salles, F\u00e1bio Barreto e Heitor Dhalia, as bandas NX Zero e Fresno, a cantora Mallu Magalh\u00e3es e o Ministro da Cultura, Juca Ferreira. J\u00e1 as reportagens externas incluem desde um passeio do m\u00fasico Siba pelo ateli\u00ea dos grafiteiros Os G\u00eameos at\u00e9 os bastidores do filme sobre a ex-garota de programa Bruna Surfistinha, passando pelo making of de uma cena de assassinato e at\u00e9 por um curta-metragem produzido com exclusividade para o TNT+FILME\u00ae.<\/p>\n<p>Produ\u00e7\u00e3o da Mixer, com dire\u00e7\u00e3o de Kiko Ribeiro e Daniel Augusto, TNT+FILME\u00ae vai ao ar todas as ter\u00e7as-feiras, a partir das 19h, com reapresenta\u00e7\u00f5es nas quintas-feiras, tamb\u00e9m a partir das 19h, e tamb\u00e9m aos s\u00e1bados, a partir das 17h.<\/p>\n<p>*Hor\u00e1rio de Bras\u00edlia. Programa\u00e7\u00e3o sujeita a altera\u00e7\u00f5es sem aviso pr\u00e9vio.<\/p>\n<p>TNT \u00e9 uma das redes de TV por assinatura l\u00edderes na Am\u00e9rica Latina e Caribe. Em sua programa\u00e7\u00e3o, oferece os mais recentes sucessos de bilheteria produzidos em Hollywood, eventos especiais como a entrega dos pr\u00eamios ACADEMY AWARDS\u00d2 e o GRAMMYs\u00d2Latino, shows com os artistas mais famosos do momento e produ\u00e7\u00f5es originais, como PROJETO 48\u00ae e DIRETORES LATINOS\u00ae. Transmitida em tr\u00eas idiomas (portugu\u00eas, espanhol e ingl\u00eas), a TNT possui cinco sinais de sat\u00e9lite, cobrindo as seguintes \u00e1reas: Brasil, Argentina, M\u00e9xico, Venezuela e o restante da Am\u00e9rica Latina e Caribe. A TNT est\u00e1 dispon\u00edvel para, aproximadamente, tr\u00eas milh\u00f5es de assinantes no Brasil e alcan\u00e7a mais de 29 milh\u00f5es de domic\u00edlios na Am\u00e9rica Latina, o que a torna um dos canais com maior distribui\u00e7\u00e3o na regi\u00e3o.<\/p>\n","protected":false},"excerpt":{"rendered":"<p>A vida imita a arte &#8211; mas a arte tamb\u00e9m imita a vida. Este \u00e9 o mote da revista eletr\u00f4nica TNT+FILME\u00ae, produ\u00e7\u00e3o original da TNT que chega \u00e0 sua terceira temporada em outubro. A partir da ter\u00e7a-feira, dia 6, o canal exibe novos epis\u00f3dios do programa, apresentado pela atriz Virginia Cavendish (Lisbela e o Prisioneiro, [&hellip;]<\/p>\n","protected":false},"author":3,"featured_media":0,"comment_status":"open","ping_status":"open","sticky":false,"template":"","format":"standard","meta":{"tdm_status":"","tdm_grid_status":"","footnotes":""},"categories":[22,343],"tags":[],"class_list":{"0":"post-13044","1":"post","2":"type-post","3":"status-publish","4":"format-standard","6":"category-brasil","7":"category-televisao"},"_links":{"self":[{"href":"https:\/\/migracao.redenoticia.com.br\/noticia\/wp-json\/wp\/v2\/posts\/13044","targetHints":{"allow":["GET"]}}],"collection":[{"href":"https:\/\/migracao.redenoticia.com.br\/noticia\/wp-json\/wp\/v2\/posts"}],"about":[{"href":"https:\/\/migracao.redenoticia.com.br\/noticia\/wp-json\/wp\/v2\/types\/post"}],"author":[{"embeddable":true,"href":"https:\/\/migracao.redenoticia.com.br\/noticia\/wp-json\/wp\/v2\/users\/3"}],"replies":[{"embeddable":true,"href":"https:\/\/migracao.redenoticia.com.br\/noticia\/wp-json\/wp\/v2\/comments?post=13044"}],"version-history":[{"count":0,"href":"https:\/\/migracao.redenoticia.com.br\/noticia\/wp-json\/wp\/v2\/posts\/13044\/revisions"}],"wp:attachment":[{"href":"https:\/\/migracao.redenoticia.com.br\/noticia\/wp-json\/wp\/v2\/media?parent=13044"}],"wp:term":[{"taxonomy":"category","embeddable":true,"href":"https:\/\/migracao.redenoticia.com.br\/noticia\/wp-json\/wp\/v2\/categories?post=13044"},{"taxonomy":"post_tag","embeddable":true,"href":"https:\/\/migracao.redenoticia.com.br\/noticia\/wp-json\/wp\/v2\/tags?post=13044"}],"curies":[{"name":"wp","href":"https:\/\/api.w.org\/{rel}","templated":true}]}}