{"id":130504,"date":"2018-01-03T15:03:36","date_gmt":"2018-01-03T17:03:36","guid":{"rendered":"https:\/\/www.redenoticia.com.br\/noticia\/?p=130504"},"modified":"2018-01-03T14:42:37","modified_gmt":"2018-01-03T16:42:37","slug":"resumo-novela-chiquititas-04-01-marian-quer-que-mosca-fuja-com-ela-do-orfanato","status":"publish","type":"post","link":"https:\/\/migracao.redenoticia.com.br\/noticia\/2018\/resumo-novela-chiquititas-04-01-marian-quer-que-mosca-fuja-com-ela-do-orfanato\/130504","title":{"rendered":"Resumo novela \u201cChiquititas\u201d 04\/01: Marian quer que Mosca fuja com ela"},"content":{"rendered":"<p><img loading=\"lazy\" decoding=\"async\" class=\"alignleft size-thumbnail wp-image-49690\" src=\"https:\/\/migracao.redenoticia.com.br\/noticia\/imagens\/chiquititas1-150x112.jpg\" alt=\"chiquititas\" width=\"150\" height=\"112\" \/><strong><em>Resumo novela \u201cChiquititas\u201d 04\/01<\/em><\/strong>: no cap\u00edtulo 343(*) da novela \u201cChiquititas\u201d, resumo de quinta-feira, 04 de janeiro, Gabriela, ainda sem mem\u00f3ria, coloca um vestido que encontra no arm\u00e1rio da fazenda. Miguel fica feliz ao jantar com Gabriela e diz que esse vestido \u00e9 dela. Eduarda fica chateada ao saber que Gilda est\u00e1 passando alguns dias no apartamento de Maria Cec\u00edlia. Carol decide levar e buscar os meninos para a escola. Ela quer evitar que eles cabulem aula e se empenhem nos estudos. Mosca decide que os meninos precisam cabular as duas \u00faltimas aulas. Pata aconselha Rafa a n\u00e3o fazer isso. Os meninos est\u00e3o prestes a ir para o treino e Carol aparece. <\/p>\n<p>A diretora do orfanato tenta fazer com que eles voltem para a sala de aula. Liderado por Mosca, os meninos n\u00e3o obedecem e v\u00e3o ao treino. Carmen fica feliz ao saber que seu plano est\u00e1 dando certo e Carol est\u00e1 com problemas para lidar com os meninos. Marian cobra o dinheiro das meninas, que prometem pagar na pr\u00f3xima mesada. Marian diz que pelo bom-senso passar\u00e1 a cobrar 10% de juros ao dia. As pequenas n\u00e3o sabem fazer c\u00e1lculo e acham que n\u00e3o \u00e9 muito. Carmen formaliza um documento e induz que os meninos assinem. O documento diz que Carol faz abuso de autoridade. Carmen pretende afastar Carol da dire\u00e7\u00e3o do orfanato. Mosca n\u00e3o sabe se assina ou n\u00e3o. Marian sugere para Mosca fugir com ela do Raio de Luz.<\/p>\n<p>(*) edi\u00e7\u00e3o do SBT, Novela \u201cChiquititas\u201d, sujeito a altera\u00e7\u00e3o de data e conte\u00fado. <\/p>\n<p>Chiquititas gira em torno do orfanato Raio de Luz, que carrega em sua hist\u00f3ria um grande segredo envolvendo a fam\u00edlia e o dono do orfanato, Dr. Jos\u00e9 Ricardo Almeida Campos. Em um per\u00edodo anterior \u00e0 novela, exatos treze anos, sua filha Gabriela se apaixonou e ficou gr\u00e1vida de Miguel, filho de Valentina, empregada da casa dos Almeida Campos. Pouco depois, Jos\u00e9 Ricardo sequestrou sua neta, pois, como um homem conservador, ele n\u00e3o aceitava a ideia de que sua filha se envolvesse com um empregado. Como sua neta, Milena, apelidada como Mili, precisava de um lugar para morar, ele comprou um casar\u00e3o e fundou um orfanato, o Raio de Luz. Mili cresceu l\u00e1 com outras garotas que chegaram posteriormente: Bia, Ana, as irm\u00e3s Tati e Vivi, e Cris. Ao decorrer dos anos, elas se tornam uma fam\u00edlia. Elas s\u00e3o supervisionadas por Ernestina, zeladora do orfanato, e Chico, o cozinheiro amado pelas internas. Sofia, ex-governanta da fam\u00edlia Almeida Campos, \u00e9 a diretora do lugar, at\u00e9 que Carmem, irm\u00e3 de Jos\u00e9 Ricardo, entre em seu lugar. Chegam ainda mais \u00f3rf\u00e3os: Pata, Mosca, Binho e Rafa, que viviam nas ruas antes de entrarem na institui\u00e7\u00e3o. Pata e Mili tornam-se amigas rapidamente, enquanto Mosca, Binho e Rafa s\u00e3o os primeiros garotos a entrar no abrigo. As crian\u00e7as sem-teto foram ajudadas por uma doce e bela garota que tocam e mudam a vida delas, assim como as das garotas \u00f3rf\u00e3s. <\/p>\n","protected":false},"excerpt":{"rendered":"<p>Resumo novela \u201cChiquititas\u201d 04\/01: no cap\u00edtulo 343(*) da novela \u201cChiquititas\u201d, resumo de quinta-feira, 04 de janeiro, Gabriela, ainda sem mem\u00f3ria, coloca um vestido que encontra no arm\u00e1rio da fazenda. Miguel fica feliz ao jantar com Gabriela e diz que esse vestido \u00e9 dela. Eduarda fica chateada ao saber que Gilda est\u00e1 passando alguns dias no [&hellip;]<\/p>\n","protected":false},"author":4,"featured_media":49690,"comment_status":"closed","ping_status":"closed","sticky":false,"template":"","format":"standard","meta":{"tdm_status":"","tdm_grid_status":"","footnotes":""},"categories":[409,379,372,343],"tags":[441],"class_list":{"0":"post-130504","1":"post","2":"type-post","3":"status-publish","4":"format-standard","5":"has-post-thumbnail","7":"category-chiquititas","8":"category-novelas","9":"category-sbt","10":"category-televisao","11":"tag-resumo-do-dia"},"_links":{"self":[{"href":"https:\/\/migracao.redenoticia.com.br\/noticia\/wp-json\/wp\/v2\/posts\/130504","targetHints":{"allow":["GET"]}}],"collection":[{"href":"https:\/\/migracao.redenoticia.com.br\/noticia\/wp-json\/wp\/v2\/posts"}],"about":[{"href":"https:\/\/migracao.redenoticia.com.br\/noticia\/wp-json\/wp\/v2\/types\/post"}],"author":[{"embeddable":true,"href":"https:\/\/migracao.redenoticia.com.br\/noticia\/wp-json\/wp\/v2\/users\/4"}],"replies":[{"embeddable":true,"href":"https:\/\/migracao.redenoticia.com.br\/noticia\/wp-json\/wp\/v2\/comments?post=130504"}],"version-history":[{"count":0,"href":"https:\/\/migracao.redenoticia.com.br\/noticia\/wp-json\/wp\/v2\/posts\/130504\/revisions"}],"wp:featuredmedia":[{"embeddable":true,"href":"https:\/\/migracao.redenoticia.com.br\/noticia\/wp-json\/wp\/v2\/media\/49690"}],"wp:attachment":[{"href":"https:\/\/migracao.redenoticia.com.br\/noticia\/wp-json\/wp\/v2\/media?parent=130504"}],"wp:term":[{"taxonomy":"category","embeddable":true,"href":"https:\/\/migracao.redenoticia.com.br\/noticia\/wp-json\/wp\/v2\/categories?post=130504"},{"taxonomy":"post_tag","embeddable":true,"href":"https:\/\/migracao.redenoticia.com.br\/noticia\/wp-json\/wp\/v2\/tags?post=130504"}],"curies":[{"name":"wp","href":"https:\/\/api.w.org\/{rel}","templated":true}]}}