{"id":130603,"date":"2018-01-04T16:16:58","date_gmt":"2018-01-04T18:16:58","guid":{"rendered":"https:\/\/www.redenoticia.com.br\/noticia\/?p=130603"},"modified":"2018-01-04T17:20:49","modified_gmt":"2018-01-04T19:20:49","slug":"resumo-novela-chiquititas-05-01-carol-e-carmen-discutem-na-diretoria","status":"publish","type":"post","link":"https:\/\/migracao.redenoticia.com.br\/noticia\/2018\/resumo-novela-chiquititas-05-01-carol-e-carmen-discutem-na-diretoria\/130603","title":{"rendered":"Resumo novela \u201cChiquititas\u201d 05\/01: Carol e Carmen discutem na diretoria"},"content":{"rendered":"<p><img loading=\"lazy\" decoding=\"async\" class=\"alignleft size-thumbnail wp-image-49690\" src=\"https:\/\/migracao.redenoticia.com.br\/noticia\/imagens\/chiquititas1-150x112.jpg\" alt=\"chiquititas\" width=\"150\" height=\"112\" \/><strong><em>Resumo novela \u201cChiquititas\u201d 05\/01<\/em><\/strong>: no cap\u00edtulo 344(*) da novela \u201cChiquititas\u201d, resumo de sexta-feira, 05 de janeiro, as meninas avisam Carol que Carmen deu um documento para os meninos assinarem para tir\u00e1-la da dire\u00e7\u00e3o. Carol diz que n\u00e3o pode obrigar os meninos a n\u00e3o assinarem o documento. Carmen conta para Matilde que conseguiu fazer os meninos odiarem Carol. Mosca avisa os meninos que decidiu n\u00e3o assinar o documento, mas que tamb\u00e9m n\u00e3o ficar\u00e1 mais no Raio de Luz, por isso fugir\u00e1 com Marian. Os meninos ficam aliviados por n\u00e3o expulsarem Carol, mas tristes com a decis\u00e3o de Mosca fugir. Pata descobre que Mosca decidiu fugir por n\u00e3o querer mais ir para a escola, onde se sente preso. Pata chora e pede para o irm\u00e3o n\u00e3o abandon\u00e1-la. Mosca deixa Pata presa no banheiro. <\/p>\n<p>Marian e Mosca fogem. Carol e Carmen discutem na diretoria. Carmen pergunta se os meninos assinaram o documento. Binho mostra o documento amassado e diz que n\u00e3o ir\u00e3o assinar nada, mas sim defender Carol at\u00e9 o fim. Carmen surta e grita: \u201cSeus traidores! Depois de tudo que eu fiz \u00e9 assim que retribuem? Para voc\u00eas n\u00e3o haver\u00e1 mais campeonato, seu bando de ingratos. Voc\u00eas s\u00e3o um bando de pernas de pau\u201d. Pata chora e conta para Carol, Cris, Mili e Chico que Mosca fugiu com Marian. Gabriela \u2013 que est\u00e1 sem mem\u00f3ria \u2013 e Miguel se reaproximam cada vez mais na fazenda. Duda tenta confortar Pata e pega na m\u00e3o dela. Mosca e Marian entram escondidos num restaurante italiano para passarem a noite. Mosca v\u00ea Juca, amigo que conheceu na \u00e9poca em que esteve no reformat\u00f3rio. O garoto leva bronca do chefe. Tati est\u00e1 com febre e tosse.<\/p>\n<p>(*) edi\u00e7\u00e3o do SBT, Novela \u201cChiquititas\u201d, sujeito a altera\u00e7\u00e3o de data e conte\u00fado. <\/p>\n<p>Chiquititas gira em torno do orfanato Raio de Luz, que carrega em sua hist\u00f3ria um grande segredo envolvendo a fam\u00edlia e o dono do orfanato, Dr. Jos\u00e9 Ricardo Almeida Campos. Em um per\u00edodo anterior \u00e0 novela, exatos treze anos, sua filha Gabriela se apaixonou e ficou gr\u00e1vida de Miguel, filho de Valentina, empregada da casa dos Almeida Campos. Pouco depois, Jos\u00e9 Ricardo sequestrou sua neta, pois, como um homem conservador, ele n\u00e3o aceitava a ideia de que sua filha se envolvesse com um empregado. Como sua neta, Milena, apelidada como Mili, precisava de um lugar para morar, ele comprou um casar\u00e3o e fundou um orfanato, o Raio de Luz. Mili cresceu l\u00e1 com outras garotas que chegaram posteriormente: Bia, Ana, as irm\u00e3s Tati e Vivi, e Cris. Ao decorrer dos anos, elas se tornam uma fam\u00edlia. Elas s\u00e3o supervisionadas por Ernestina, zeladora do orfanato, e Chico, o cozinheiro amado pelas internas. Sofia, ex-governanta da fam\u00edlia Almeida Campos, \u00e9 a diretora do lugar, at\u00e9 que Carmem, irm\u00e3 de Jos\u00e9 Ricardo, entre em seu lugar. Chegam ainda mais \u00f3rf\u00e3os: Pata, Mosca, Binho e Rafa, que viviam nas ruas antes de entrarem na institui\u00e7\u00e3o. Pata e Mili tornam-se amigas rapidamente, enquanto Mosca, Binho e Rafa s\u00e3o os primeiros garotos a entrar no abrigo. As crian\u00e7as sem-teto foram ajudadas por uma doce e bela garota que tocam e mudam a vida delas, assim como as das garotas \u00f3rf\u00e3s. <\/p>\n","protected":false},"excerpt":{"rendered":"<p>Resumo novela \u201cChiquititas\u201d 05\/01: no cap\u00edtulo 344(*) da novela \u201cChiquititas\u201d, resumo de sexta-feira, 05 de janeiro, as meninas avisam Carol que Carmen deu um documento para os meninos assinarem para tir\u00e1-la da dire\u00e7\u00e3o. Carol diz que n\u00e3o pode obrigar os meninos a n\u00e3o assinarem o documento. Carmen conta para Matilde que conseguiu fazer os meninos [&hellip;]<\/p>\n","protected":false},"author":4,"featured_media":49690,"comment_status":"closed","ping_status":"closed","sticky":false,"template":"","format":"standard","meta":{"tdm_status":"","tdm_grid_status":"","footnotes":""},"categories":[409,379,372,343],"tags":[441],"class_list":{"0":"post-130603","1":"post","2":"type-post","3":"status-publish","4":"format-standard","5":"has-post-thumbnail","7":"category-chiquititas","8":"category-novelas","9":"category-sbt","10":"category-televisao","11":"tag-resumo-do-dia"},"_links":{"self":[{"href":"https:\/\/migracao.redenoticia.com.br\/noticia\/wp-json\/wp\/v2\/posts\/130603","targetHints":{"allow":["GET"]}}],"collection":[{"href":"https:\/\/migracao.redenoticia.com.br\/noticia\/wp-json\/wp\/v2\/posts"}],"about":[{"href":"https:\/\/migracao.redenoticia.com.br\/noticia\/wp-json\/wp\/v2\/types\/post"}],"author":[{"embeddable":true,"href":"https:\/\/migracao.redenoticia.com.br\/noticia\/wp-json\/wp\/v2\/users\/4"}],"replies":[{"embeddable":true,"href":"https:\/\/migracao.redenoticia.com.br\/noticia\/wp-json\/wp\/v2\/comments?post=130603"}],"version-history":[{"count":0,"href":"https:\/\/migracao.redenoticia.com.br\/noticia\/wp-json\/wp\/v2\/posts\/130603\/revisions"}],"wp:featuredmedia":[{"embeddable":true,"href":"https:\/\/migracao.redenoticia.com.br\/noticia\/wp-json\/wp\/v2\/media\/49690"}],"wp:attachment":[{"href":"https:\/\/migracao.redenoticia.com.br\/noticia\/wp-json\/wp\/v2\/media?parent=130603"}],"wp:term":[{"taxonomy":"category","embeddable":true,"href":"https:\/\/migracao.redenoticia.com.br\/noticia\/wp-json\/wp\/v2\/categories?post=130603"},{"taxonomy":"post_tag","embeddable":true,"href":"https:\/\/migracao.redenoticia.com.br\/noticia\/wp-json\/wp\/v2\/tags?post=130603"}],"curies":[{"name":"wp","href":"https:\/\/api.w.org\/{rel}","templated":true}]}}