{"id":13064,"date":"2009-09-30T10:39:14","date_gmt":"2009-09-30T14:39:14","guid":{"rendered":"http:\/\/www.redenoticia.com.br\/noticia\/?p=13064"},"modified":"2009-09-30T10:39:14","modified_gmt":"2009-09-30T14:39:14","slug":"dia-mundial-dos-animais-e-max-steel-no-cartoon-network","status":"publish","type":"post","link":"https:\/\/migracao.redenoticia.com.br\/noticia\/2009\/dia-mundial-dos-animais-e-max-steel-no-cartoon-network\/13064","title":{"rendered":"Dia mundial dos animais e Max Steel no Cartoon Network"},"content":{"rendered":"<p>No Dia Mundial dos Animais, vai ter festa na floresta. E tamb\u00e9m no oceano, na savana, no pantanal. Na maratona especial do Cartoon Network, epis\u00f3dios especialmente selecionados de Meu Amigo da Escola \u00e9 um Macaco, Andy e seu Esquilo, Coragem, o C\u00e3o Covarde e Scooby Doo, entre outros. E para abrilhantar ainda mais a comemora\u00e7\u00e3o, a estreia das s\u00e9ries GUI &amp; ESTOPA NO FUNDO DO MAR e GUI &amp; ESTOPA EM BICHOS DO BRASIL. Misturando anima\u00e7\u00e3o e imagens da natureza gravadas pelo cinegrafista Lawrence Wahba, as duas trazem curtas in\u00e9ditos com os atrapalhados e divertidos cachorrinhos criados pela paulistana Mariana Caltabiano.\u00a0<\/p>\n<p>Maratona MAX STEEL &#8211; Domingo, dia 4 de outubro, das 11h \u00e0s 17h<\/p>\n<p>Quando jovem, Josh McGrath era um habilidoso praticante de esportes radicais. Mas ao tentar salvar a vida de seu pai adotivo, membro de uma secreta ag\u00eancia governamental, ele acaba ficando entre a vida e morte. Salvo pela chamada energia transf\u00e1sica, Josh ganha superpoderes e se transforma em Max Steel, um agente secreto que conta com um moderno arsenal hi-tech e ve\u00edculos para todos os tipos de miss\u00e3o. No dia 4 de outubro, das 11h \u00e0s 17h, o Cartoon Network apresenta uma supermaratona com os melhores epis\u00f3dios da anima\u00e7\u00e3o do her\u00f3i. E tem mais: a maratona ainda marca a estreia do longa-metragem Max Steel vs.a Amea\u00e7a Mutante. Acione o poder turbo!<\/p>\n<p>Cartoon Network, rede de TV por assinatura com transmiss\u00e3o 24 horas da Turner Broadcasting System, Inc., traz os melhores personagens animados e live-action em desenhos, filmes, videoclipes e games, por meio de diversas plataformas incluindo TV, internet, eventos, produtos licenciados e meios digitais. O canal abriga o maior acervo de desenhos animados, com produ\u00e7\u00f5es premiadas como As Meninas Superpoderosas, Ben 10, As Terr\u00edveis Aventuras de Billy e Mandy, A Mans\u00e3o Foster para Amigos Imagin\u00e1rios, Chowder, As Trapalhadas de Flapjack, S\u00e1bados Secretos e Ben 10: For\u00e7a Alien\u00edgena. O canal foi lan\u00e7ado em 30 de abril de 1993 e \u00e9 transmitido na Am\u00e9rica Latina em mais de 28 milh\u00f5es de domic\u00edlios em portugu\u00eas, espanhol e ingl\u00eas.<\/p>\n","protected":false},"excerpt":{"rendered":"<p>No Dia Mundial dos Animais, vai ter festa na floresta. E tamb\u00e9m no oceano, na savana, no pantanal. Na maratona especial do Cartoon Network, epis\u00f3dios especialmente selecionados de Meu Amigo da Escola \u00e9 um Macaco, Andy e seu Esquilo, Coragem, o C\u00e3o Covarde e Scooby Doo, entre outros. E para abrilhantar ainda mais a comemora\u00e7\u00e3o, [&hellip;]<\/p>\n","protected":false},"author":3,"featured_media":0,"comment_status":"open","ping_status":"open","sticky":false,"template":"","format":"standard","meta":{"tdm_status":"","tdm_grid_status":"","footnotes":""},"categories":[22,343],"tags":[],"class_list":{"0":"post-13064","1":"post","2":"type-post","3":"status-publish","4":"format-standard","6":"category-brasil","7":"category-televisao"},"_links":{"self":[{"href":"https:\/\/migracao.redenoticia.com.br\/noticia\/wp-json\/wp\/v2\/posts\/13064","targetHints":{"allow":["GET"]}}],"collection":[{"href":"https:\/\/migracao.redenoticia.com.br\/noticia\/wp-json\/wp\/v2\/posts"}],"about":[{"href":"https:\/\/migracao.redenoticia.com.br\/noticia\/wp-json\/wp\/v2\/types\/post"}],"author":[{"embeddable":true,"href":"https:\/\/migracao.redenoticia.com.br\/noticia\/wp-json\/wp\/v2\/users\/3"}],"replies":[{"embeddable":true,"href":"https:\/\/migracao.redenoticia.com.br\/noticia\/wp-json\/wp\/v2\/comments?post=13064"}],"version-history":[{"count":0,"href":"https:\/\/migracao.redenoticia.com.br\/noticia\/wp-json\/wp\/v2\/posts\/13064\/revisions"}],"wp:attachment":[{"href":"https:\/\/migracao.redenoticia.com.br\/noticia\/wp-json\/wp\/v2\/media?parent=13064"}],"wp:term":[{"taxonomy":"category","embeddable":true,"href":"https:\/\/migracao.redenoticia.com.br\/noticia\/wp-json\/wp\/v2\/categories?post=13064"},{"taxonomy":"post_tag","embeddable":true,"href":"https:\/\/migracao.redenoticia.com.br\/noticia\/wp-json\/wp\/v2\/tags?post=13064"}],"curies":[{"name":"wp","href":"https:\/\/api.w.org\/{rel}","templated":true}]}}