{"id":13082,"date":"2009-09-30T11:37:45","date_gmt":"2009-09-30T15:37:45","guid":{"rendered":"http:\/\/www.redenoticia.com.br\/noticia\/?p=13082"},"modified":"2009-09-30T11:38:51","modified_gmt":"2009-09-30T15:38:51","slug":"rede-record-vildomar-batista-finalmente-atravessa-a-passarela","status":"publish","type":"post","link":"https:\/\/migracao.redenoticia.com.br\/noticia\/2009\/rede-record-vildomar-batista-finalmente-atravessa-a-passarela\/13082","title":{"rendered":"Rede Record &#8211; Vildomar Batista finalmente atravessa a passarela"},"content":{"rendered":"<p><strong><a href=\"https:\/\/migracao.redenoticia.com.br\/noticia\/imagens\/\/redenoticiatv3.jpg\"><img loading=\"lazy\" decoding=\"async\" class=\"alignleft size-full wp-image-12203\" title=\"redenoticiatv3\" src=\"https:\/\/migracao.redenoticia.com.br\/noticia\/imagens\/\/redenoticiatv3.jpg\" alt=\"redenoticiatv3\" width=\"150\" height=\"113\" srcset=\"https:\/\/migracao.redenoticia.com.br\/noticia\/imagens\/redenoticiatv3.jpg 150w, https:\/\/migracao.redenoticia.com.br\/noticia\/imagens\/redenoticiatv3-148x112.jpg 148w\" sizes=\"auto, (max-width: 150px) 100vw, 150px\" \/><\/a>Rede Record<\/strong> \u2013 Na manh\u00e3 desta quarta-feira (30\/09) o diretor da Rede Record, <strong>Vildomar Batista<\/strong>, finalmente cumpriu a promessa de atravessar a famosa <strong>passarela<\/strong>, ap\u00f3s campanha de arrecada\u00e7\u00e3o em prol da Funda\u00e7\u00e3o Pestalozzi ter alcan\u00e7ado a meta pr\u00e9-estabelecida. A transmiss\u00e3o foi durante o programa Hoje em Dia Especial com a presen\u00e7a de diversas personalidades que se empenharam durante a campanha na Rede Record. Durante a travessia, Vildomar Batista pediu perd\u00e3o a todos os artistas que ele pressionou o aterrorizou. Segundo ele, por dinheiro nenhum ele repetiria a travessia. Cris Flores ficou esperando o Diretor da Rede Record do outro lado da Passarela, e Edu Guedes ligou de Miami, onde passa as f\u00e9rias, para dar for\u00e7a ao Vildomar Batista.<\/p>\n<p>No final da Travessia, a passarela teve que descer com rapidez porqu\u00ea o Diretor da Rede Record Vildomar Batista estava precisando de atendimento m\u00e9dico. At\u00e9 a recomposi\u00e7\u00e3o do diretor, a Rede Record apresentou Regis Danese, que cantou a m\u00fasica preferida de Carlinhos.<\/p>\n<p>Vildomar Batista comentou que a pior parte da travessia \u00e9 na metade da travessia, quando a perna treme e come\u00e7a a vertigem. Mesmo assim, anunciou que encomendou uma nova passarela, muito mais dif\u00edcil.\u00a0<\/p>\n<p>A campanha de doa\u00e7\u00e3o para a Pestalozzi continua at\u00e9 a meia-noite de hoje (30\/09).<\/p>\n","protected":false},"excerpt":{"rendered":"<p>Rede Record \u2013 Na manh\u00e3 desta quarta-feira (30\/09) o diretor da Rede Record, Vildomar Batista, finalmente cumpriu a promessa de atravessar a famosa passarela, ap\u00f3s campanha de arrecada\u00e7\u00e3o em prol da Funda\u00e7\u00e3o Pestalozzi ter alcan\u00e7ado a meta pr\u00e9-estabelecida. A transmiss\u00e3o foi durante o programa Hoje em Dia Especial com a presen\u00e7a de diversas personalidades que [&hellip;]<\/p>\n","protected":false},"author":3,"featured_media":0,"comment_status":"open","ping_status":"open","sticky":false,"template":"","format":"standard","meta":{"tdm_status":"","tdm_grid_status":"","footnotes":""},"categories":[22,343],"tags":[],"class_list":{"0":"post-13082","1":"post","2":"type-post","3":"status-publish","4":"format-standard","6":"category-brasil","7":"category-televisao"},"_links":{"self":[{"href":"https:\/\/migracao.redenoticia.com.br\/noticia\/wp-json\/wp\/v2\/posts\/13082","targetHints":{"allow":["GET"]}}],"collection":[{"href":"https:\/\/migracao.redenoticia.com.br\/noticia\/wp-json\/wp\/v2\/posts"}],"about":[{"href":"https:\/\/migracao.redenoticia.com.br\/noticia\/wp-json\/wp\/v2\/types\/post"}],"author":[{"embeddable":true,"href":"https:\/\/migracao.redenoticia.com.br\/noticia\/wp-json\/wp\/v2\/users\/3"}],"replies":[{"embeddable":true,"href":"https:\/\/migracao.redenoticia.com.br\/noticia\/wp-json\/wp\/v2\/comments?post=13082"}],"version-history":[{"count":0,"href":"https:\/\/migracao.redenoticia.com.br\/noticia\/wp-json\/wp\/v2\/posts\/13082\/revisions"}],"wp:attachment":[{"href":"https:\/\/migracao.redenoticia.com.br\/noticia\/wp-json\/wp\/v2\/media?parent=13082"}],"wp:term":[{"taxonomy":"category","embeddable":true,"href":"https:\/\/migracao.redenoticia.com.br\/noticia\/wp-json\/wp\/v2\/categories?post=13082"},{"taxonomy":"post_tag","embeddable":true,"href":"https:\/\/migracao.redenoticia.com.br\/noticia\/wp-json\/wp\/v2\/tags?post=13082"}],"curies":[{"name":"wp","href":"https:\/\/api.w.org\/{rel}","templated":true}]}}