{"id":13094,"date":"2009-09-30T15:28:12","date_gmt":"2009-09-30T19:28:12","guid":{"rendered":"http:\/\/www.redenoticia.com.br\/noticia\/?p=13094"},"modified":"2009-09-30T15:28:12","modified_gmt":"2009-09-30T19:28:12","slug":"idolos-2009-%e2%80%93-mansao-vai-concentrar-os-finalistas","status":"publish","type":"post","link":"https:\/\/migracao.redenoticia.com.br\/noticia\/2009\/idolos-2009-%e2%80%93-mansao-vai-concentrar-os-finalistas\/13094","title":{"rendered":"\u00cddolos 2009 \u2013 mans\u00e3o vai concentrar os finalistas"},"content":{"rendered":"<p>Nesta ter\u00e7a-feira (29\/09), o <strong>\u00cddolos 2009<\/strong> garantiu por 12 minutos o primeiro lugar de audi\u00eancia para a emissora. A atra\u00e7\u00e3o, comandada por Rodrigo Faro, consolidou 11 pontos de m\u00e9dia, pico de 14 e share de 27% em sua faixa de exibi\u00e7\u00e3o, das 23h03 \u00e0s 00h28. O \u00cddolos 2009 exibiu o in\u00edcio da fase dos Workshops. Os 12 finalistas do programa, selecionados nesta fase anterior &#8211; Workshop &#8211; ficar\u00e3o &#8220;concentrados&#8221; em uma maravilhosa mans\u00e3o, adaptada exclusivamente para a fase final de \u00cddolos, chamada Concertos. O endere\u00e7o da casa \u00e9 segredo. O lugar est\u00e1 sendo preparado para receber as 12 estrelas de nossa m\u00fasica brasileira. Na temporada anterior do programa, exibida em 2008, os finalistas passavam essa etapa de concentra\u00e7\u00e3o em um hotel.<\/p>\n<p>A mans\u00e3o \u00cddolos 2009, em estilo colonial americano, tem 2.500 m\u00b2 de terreno, com 1.000 m\u00b2 de \u00e1rea constru\u00edda. O espa\u00e7o vai comportar um est\u00fadio para que os participantes possam passar suas m\u00fasicas e ensaiar com a treinadora vocal e um preparador corporal antes de subir ao palco. Todos os finalistas ficar\u00e3o divididos em quatro quartos. Para os momentos de lazer, haver\u00e1 uma sala de gin\u00e1stica e uma de conviv\u00eancia. A alimenta\u00e7\u00e3o tamb\u00e9m ser\u00e1 balanceada, contando com o aux\u00edlio de uma nutricionista.<\/p>\n<p>Todos os bastidores dessa mans\u00e3o \u00cddolos 2009 \u00a0ser\u00e3o mostrados no ar a partir do dia 13 de outubro, data em que se inicia a fase dos Concertos. Nessa etapa, o p\u00fablico vai decidir pelo voto quem continua na competi\u00e7\u00e3o e, a cada semana, um finalista ser\u00e1 eliminado. A Mans\u00e3o \u00cddolos 2009 \u00a0ser\u00e1 uma esp\u00e9cie de concentra\u00e7\u00e3o, espa\u00e7o em que os candidatos ficar\u00e3o focados na perfomance musical e na rotina de ensaios para as apresenta\u00e7\u00f5es no palco. Os jurados Marco Camargo, Luiz Calainho e Paula Lima estar\u00e3o ainda mais exigentes nessa fase, afinal, apenas um candidato ser\u00e1 o novo \u00eddolo do Brasil e gravar\u00e1 um \u00e1lbum em uma reconhecida gravadora.<\/p>\n<p>Durante esse per\u00edodo na Mans\u00e3o \u00cddolos 2009, os candidatos n\u00e3o receber\u00e3o visitas ou telefonemas de familiares e amigos, apenas poder\u00e3o participar de eventos musicais que contribuam para o seu aperfei\u00e7oamento na \u00e1rea. Muitas emo\u00e7\u00f5es e intrigas prometem esquentar ainda mais essa competi\u00e7\u00e3o.<\/p>\n<p>\u00cddolos 2009 \u00a0exibe at\u00e9 semana que vem a fase dos Workshops. Dos 24 candidatos, est\u00e3o 12 homens e 12 mulheres. Apenas 12 deles (divididos em 6 homens e 6 mulheres) ficar\u00e3o concentrados na Mans\u00e3o \u00cdDOLOS a partir de outubro.<\/p>\n<p>\u00cddolos 2009 \u00a0\u00e9 apresentado por Rodrigo Faro, sob dire\u00e7\u00e3o geral de Wanderley Villa Nova e dire\u00e7\u00e3o art\u00edstica de Fernanda Telles. A atra\u00e7\u00e3o \u00e9 exibida \u00e0s ter\u00e7as e quartas, a partir das 23h, na tela da Record.<\/p>\n<p>Os dados de audi\u00eancia mencionados na Sala de Imprensa da Record referem-se ao Ibope MW GSP dados domiciliares (Os \u00edndices apresentados s\u00e3o n\u00fameros consolidados, destacando o patamar de audi\u00eancia sem casa decimal).<\/p>\n","protected":false},"excerpt":{"rendered":"<p>Nesta ter\u00e7a-feira (29\/09), o \u00cddolos 2009 garantiu por 12 minutos o primeiro lugar de audi\u00eancia para a emissora. A atra\u00e7\u00e3o, comandada por Rodrigo Faro, consolidou 11 pontos de m\u00e9dia, pico de 14 e share de 27% em sua faixa de exibi\u00e7\u00e3o, das 23h03 \u00e0s 00h28. O \u00cddolos 2009 exibiu o in\u00edcio da fase dos Workshops. [&hellip;]<\/p>\n","protected":false},"author":3,"featured_media":0,"comment_status":"open","ping_status":"open","sticky":false,"template":"","format":"standard","meta":{"tdm_status":"","tdm_grid_status":"","footnotes":""},"categories":[22,371,343],"tags":[],"class_list":{"0":"post-13094","1":"post","2":"type-post","3":"status-publish","4":"format-standard","6":"category-brasil","7":"category-rede-record","8":"category-televisao"},"_links":{"self":[{"href":"https:\/\/migracao.redenoticia.com.br\/noticia\/wp-json\/wp\/v2\/posts\/13094","targetHints":{"allow":["GET"]}}],"collection":[{"href":"https:\/\/migracao.redenoticia.com.br\/noticia\/wp-json\/wp\/v2\/posts"}],"about":[{"href":"https:\/\/migracao.redenoticia.com.br\/noticia\/wp-json\/wp\/v2\/types\/post"}],"author":[{"embeddable":true,"href":"https:\/\/migracao.redenoticia.com.br\/noticia\/wp-json\/wp\/v2\/users\/3"}],"replies":[{"embeddable":true,"href":"https:\/\/migracao.redenoticia.com.br\/noticia\/wp-json\/wp\/v2\/comments?post=13094"}],"version-history":[{"count":0,"href":"https:\/\/migracao.redenoticia.com.br\/noticia\/wp-json\/wp\/v2\/posts\/13094\/revisions"}],"wp:attachment":[{"href":"https:\/\/migracao.redenoticia.com.br\/noticia\/wp-json\/wp\/v2\/media?parent=13094"}],"wp:term":[{"taxonomy":"category","embeddable":true,"href":"https:\/\/migracao.redenoticia.com.br\/noticia\/wp-json\/wp\/v2\/categories?post=13094"},{"taxonomy":"post_tag","embeddable":true,"href":"https:\/\/migracao.redenoticia.com.br\/noticia\/wp-json\/wp\/v2\/tags?post=13094"}],"curies":[{"name":"wp","href":"https:\/\/api.w.org\/{rel}","templated":true}]}}