{"id":130971,"date":"2018-01-09T00:07:42","date_gmt":"2018-01-09T02:07:42","guid":{"rendered":"https:\/\/www.redenoticia.com.br\/noticia\/?p=130971"},"modified":"2018-01-08T20:44:11","modified_gmt":"2018-01-08T22:44:11","slug":"corpo-de-bombeiros-orienta-como-prevenir-acidentes-domesticos","status":"publish","type":"post","link":"https:\/\/migracao.redenoticia.com.br\/noticia\/2018\/corpo-de-bombeiros-orienta-como-prevenir-acidentes-domesticos\/130971","title":{"rendered":"Corpo de Bombeiros orienta como prevenir acidentes dom\u00e9sticos"},"content":{"rendered":"<p> O t\u00e3o esperado per\u00edodo de f\u00e9rias chegou. Junto, uma not\u00edcia preocupante, especialmente para os pais: aumentam a incid\u00eancia de <strong><em>acidentes dom\u00e9sticos<\/em><\/strong>. Justamente porque os pequenos querem fugir da rotina e praticar atividades diferentes.\u00a0 Por isso, \u00e9 fundamental que os respons\u00e1veis fiquem de olho.<\/p>\n<p>Se tiver crian\u00e7a em casa, instale port\u00f5es nas extremidades das escadas e proteja as tomadas el\u00e9tricas. Por mais que sejam aconselhados, \u00e9 comum eles terem a curiosidade agu\u00e7ada e, sem querer, causar acidentes. Voc\u00ea deve retirar dos ber\u00e7os bichos de pel\u00facias e cobertores soltos \u2013 eles podem sufocar o beb\u00ea.<\/p>\n<p>Apesar de o cuidado redobrado sempre ser com as crian\u00e7as, vale ressaltar que os idosos tamb\u00e9m precisam de uma aten\u00e7\u00e3o especial. Afinal, segundo o Corpo de Bombeiros de S\u00e3o Paulo, 75% das ocorr\u00eancias das quedas com os mais velhos acontecem dentro de casa.<\/p>\n<p>No caso deles, medidas b\u00e1sicas podem trazer mais seguran\u00e7a, como deixar os ambientes bem iluminados. Se necess\u00e1rio, instale barras fixas ao lado do chuveiro e do vaso sanit\u00e1rio.<\/p>\n<p>A fim de informar e tamb\u00e9m ajudar na preven\u00e7\u00e3o, o Corpo de Bombeiro de S\u00e3o Paulo disponibiliza uma s\u00e9rie de cartilhas com diferentes dicas para evitar acidentes dentro de casa. Baixe\u00a0!<\/p>\n<p>#Opera\u00e7\u00e3oVer\u00e3oSP<br \/>\nDo Portal do Governo SP<\/p>\n","protected":false},"excerpt":{"rendered":"<p>O t\u00e3o esperado per\u00edodo de f\u00e9rias chegou. Junto, uma not\u00edcia preocupante, especialmente para os pais: aumentam a incid\u00eancia de acidentes dom\u00e9sticos. Justamente porque os pequenos querem fugir da rotina e praticar atividades diferentes.\u00a0 Por isso, \u00e9 fundamental que os respons\u00e1veis fiquem de olho. Se tiver crian\u00e7a em casa, instale port\u00f5es nas extremidades das escadas e [&hellip;]<\/p>\n","protected":false},"author":2,"featured_media":37376,"comment_status":"closed","ping_status":"closed","sticky":false,"template":"","format":"standard","meta":{"tdm_status":"","tdm_grid_status":"","footnotes":""},"categories":[22,5],"tags":[],"class_list":{"0":"post-130971","1":"post","2":"type-post","3":"status-publish","4":"format-standard","5":"has-post-thumbnail","7":"category-brasil","8":"category-saude-e-vida"},"_links":{"self":[{"href":"https:\/\/migracao.redenoticia.com.br\/noticia\/wp-json\/wp\/v2\/posts\/130971","targetHints":{"allow":["GET"]}}],"collection":[{"href":"https:\/\/migracao.redenoticia.com.br\/noticia\/wp-json\/wp\/v2\/posts"}],"about":[{"href":"https:\/\/migracao.redenoticia.com.br\/noticia\/wp-json\/wp\/v2\/types\/post"}],"author":[{"embeddable":true,"href":"https:\/\/migracao.redenoticia.com.br\/noticia\/wp-json\/wp\/v2\/users\/2"}],"replies":[{"embeddable":true,"href":"https:\/\/migracao.redenoticia.com.br\/noticia\/wp-json\/wp\/v2\/comments?post=130971"}],"version-history":[{"count":0,"href":"https:\/\/migracao.redenoticia.com.br\/noticia\/wp-json\/wp\/v2\/posts\/130971\/revisions"}],"wp:featuredmedia":[{"embeddable":true,"href":"https:\/\/migracao.redenoticia.com.br\/noticia\/wp-json\/wp\/v2\/media\/37376"}],"wp:attachment":[{"href":"https:\/\/migracao.redenoticia.com.br\/noticia\/wp-json\/wp\/v2\/media?parent=130971"}],"wp:term":[{"taxonomy":"category","embeddable":true,"href":"https:\/\/migracao.redenoticia.com.br\/noticia\/wp-json\/wp\/v2\/categories?post=130971"},{"taxonomy":"post_tag","embeddable":true,"href":"https:\/\/migracao.redenoticia.com.br\/noticia\/wp-json\/wp\/v2\/tags?post=130971"}],"curies":[{"name":"wp","href":"https:\/\/api.w.org\/{rel}","templated":true}]}}