{"id":131008,"date":"2018-01-10T00:04:51","date_gmt":"2018-01-10T02:04:51","guid":{"rendered":"https:\/\/www.redenoticia.com.br\/noticia\/?p=131008"},"modified":"2018-01-09T14:41:47","modified_gmt":"2018-01-09T16:41:47","slug":"escola-de-engenharia-de-lorena-tem-oportunidade-para-professor-temporario","status":"publish","type":"post","link":"https:\/\/migracao.redenoticia.com.br\/noticia\/2018\/escola-de-engenharia-de-lorena-tem-oportunidade-para-professor-temporario\/131008","title":{"rendered":"Escola de Engenharia de Lorena tem oportunidade para professor tempor\u00e1rio"},"content":{"rendered":"<p> Ag\u00eancia FAPESP\u00a0\u2013 A Escola de Engenharia de Lorena (EEL) da USP recebe at\u00e9 12 de janeiro de 2018 inscri\u00e7\u00f5es para processo seletivo de contrata\u00e7\u00e3o de <strong><em>professor tempor\u00e1rio<\/em><\/strong> em &#8220;Fen\u00f4menos de Transporte&#8221;. A vaga pode ser preenchida por profissionais com gradua\u00e7\u00e3o ou com t\u00edtulo de mestre ou de doutor. A carga hor\u00e1ria \u00e9 de 12 horas semanais. O docente contratado poder\u00e1 receber R$ 893,95 (para portadores de diploma de gradua\u00e7\u00e3o), R$ 1.322,41 (com t\u00edtulo de mestre) ou R$ 1.849,66 (para candidatos com t\u00edtulo de doutor). A contrata\u00e7\u00e3o ser\u00e1 por prazo determinado e vigorar\u00e1 at\u00e9 31 de dezembro de 2018, com possibilidade de prorroga\u00e7\u00e3o.<\/p>\n<p>Os pedidos de inscri\u00e7\u00e3o dever\u00e3o ser feitos exclusivamente pelo site USP Digital. Em seguida, o candidato precisar\u00e1 apresentar requerimento dirigido ao diretor da EEL-USP, contendo dados pessoais e \u00e1rea de conhecimento (especialidade) a que concorre, acompanhado dos seguintes documentos: documento de identifica\u00e7\u00e3o (RG, RNE ou passaporte), CPF (para candidatos brasileiros) e prova de que \u00e9 portador do t\u00edtulo de doutor (para professor contratado n\u00edvel 3) ou mestre. O endere\u00e7o da EEL-USP \u00e9 Estrada Municipal do Campinho, s\/n\u00ba, Ponte Nova, Lorena, SP.<\/p>\n<p>Os candidatos inscritos ser\u00e3o selecionados de acordo com os desempenhos na prova escrita e na prova did\u00e1tica. O andamento do processo seletivo poder\u00e1 ser no site () da Escola de Engenharia de Lorena e o resultado ser\u00e1 publicado no\u00a0Di\u00e1rio Oficial\u00a0do Estado de S\u00e3o Paulo.<\/p>\n<p>Mais informa\u00e7\u00f5es:\u00a0.<\/p>\n","protected":false},"excerpt":{"rendered":"<p>Ag\u00eancia FAPESP\u00a0\u2013 A Escola de Engenharia de Lorena (EEL) da USP recebe at\u00e9 12 de janeiro de 2018 inscri\u00e7\u00f5es para processo seletivo de contrata\u00e7\u00e3o de professor tempor\u00e1rio em &#8220;Fen\u00f4menos de Transporte&#8221;. A vaga pode ser preenchida por profissionais com gradua\u00e7\u00e3o ou com t\u00edtulo de mestre ou de doutor. A carga hor\u00e1ria \u00e9 de 12 horas [&hellip;]<\/p>\n","protected":false},"author":2,"featured_media":36241,"comment_status":"closed","ping_status":"closed","sticky":false,"template":"","format":"standard","meta":{"tdm_status":"","tdm_grid_status":"","footnotes":""},"categories":[22,370,353],"tags":[],"class_list":{"0":"post-131008","1":"post","2":"type-post","3":"status-publish","4":"format-standard","5":"has-post-thumbnail","7":"category-brasil","8":"category-inscricao","9":"category-oportunidades"},"_links":{"self":[{"href":"https:\/\/migracao.redenoticia.com.br\/noticia\/wp-json\/wp\/v2\/posts\/131008","targetHints":{"allow":["GET"]}}],"collection":[{"href":"https:\/\/migracao.redenoticia.com.br\/noticia\/wp-json\/wp\/v2\/posts"}],"about":[{"href":"https:\/\/migracao.redenoticia.com.br\/noticia\/wp-json\/wp\/v2\/types\/post"}],"author":[{"embeddable":true,"href":"https:\/\/migracao.redenoticia.com.br\/noticia\/wp-json\/wp\/v2\/users\/2"}],"replies":[{"embeddable":true,"href":"https:\/\/migracao.redenoticia.com.br\/noticia\/wp-json\/wp\/v2\/comments?post=131008"}],"version-history":[{"count":0,"href":"https:\/\/migracao.redenoticia.com.br\/noticia\/wp-json\/wp\/v2\/posts\/131008\/revisions"}],"wp:featuredmedia":[{"embeddable":true,"href":"https:\/\/migracao.redenoticia.com.br\/noticia\/wp-json\/wp\/v2\/media\/36241"}],"wp:attachment":[{"href":"https:\/\/migracao.redenoticia.com.br\/noticia\/wp-json\/wp\/v2\/media?parent=131008"}],"wp:term":[{"taxonomy":"category","embeddable":true,"href":"https:\/\/migracao.redenoticia.com.br\/noticia\/wp-json\/wp\/v2\/categories?post=131008"},{"taxonomy":"post_tag","embeddable":true,"href":"https:\/\/migracao.redenoticia.com.br\/noticia\/wp-json\/wp\/v2\/tags?post=131008"}],"curies":[{"name":"wp","href":"https:\/\/api.w.org\/{rel}","templated":true}]}}