{"id":131072,"date":"2018-01-09T16:03:42","date_gmt":"2018-01-09T18:03:42","guid":{"rendered":"https:\/\/www.redenoticia.com.br\/noticia\/?p=131072"},"modified":"2018-01-09T17:55:31","modified_gmt":"2018-01-09T19:55:31","slug":"resumo-novela-chiquititas-10-01-shirley-reconhece-mosca-e-marian","status":"publish","type":"post","link":"https:\/\/migracao.redenoticia.com.br\/noticia\/2018\/resumo-novela-chiquititas-10-01-shirley-reconhece-mosca-e-marian\/131072","title":{"rendered":"Resumo novela \u201cChiquititas\u201d 10\/01: Shirley reconhece Mosca e Marian"},"content":{"rendered":"<p><img loading=\"lazy\" decoding=\"async\" class=\"alignleft size-thumbnail wp-image-49690\" src=\"https:\/\/migracao.redenoticia.com.br\/noticia\/imagens\/chiquititas1-150x112.jpg\" alt=\"chiquititas\" width=\"150\" height=\"112\" \/><strong><em>Resumo novela \u201cChiquititas\u201d 10\/01<\/em><\/strong>: no cap\u00edtulo 347(*) da novela \u201cChiquititas\u201d, resumo de quarta-feira, 10 de janeiro, Carol avisa as chiquititas que Tati ficar\u00e1 internada no hospital. Na fazenda, Miguel v\u00ea o carro dos capangas de Carmen. Miguel e Gabriela se escondem atr\u00e1s da porta de um dos quartos da fazenda para que os capangas n\u00e3o percebam que estavam l\u00e1. Mosca e Marian pedem comida no bar de C\u00edcero, que aconselha o menino a se preocupar com os estudos para garantir um bom futuro. Os capangas n\u00e3o percebem nada e v\u00e3o embora. <\/p>\n<p>Cris, Bia e Mili ligam para Vivi, que est\u00e1 modelando em Porto Alegre, para avis\u00e1-la que Tati est\u00e1 internada. Maria Cec\u00edlia e Junior ficam aliviados com os \u00f3timos resultados da vendagem do muffin, inspirado na receita do bolinho de Chico. Duda diz para Pata que podem procurar Mosca, pois o motorista dele pode lev\u00e1-los a qualquer lugar. Shirley vai ver o namorado, C\u00edcero, e reconhece Mosca e Marian. Bruno aparece na porta do orfanato e conversa com a filha, Dani, que fica temerosa. <\/p>\n<p>Bruno diz que conseguiu um excelente emprego, que est\u00e1 com saudade dela e que poder\u00e1 dar a ela a vida que a pequena merece. Bruno assume que errou no passado. Duda pergunta se Pata n\u00e3o gosta de Marian por estar interessada nele. Pata fala que isso \u00e9 uma besteira. Dani pede uma boneca nova. Bruno tenta levar Dani at\u00e9 a sorveteria, mas Chico aparece e diz que possui ordens para n\u00e3o deix\u00e1-la sair com ele. Shirley diz que Marian e Mosca podem passar a noite na casa dela. Carmen e Matilde decidem voltar a procurar o tesouro sem a Cintia.<\/p>\n<p>(*) edi\u00e7\u00e3o do SBT, Novela \u201cChiquititas\u201d, sujeito a altera\u00e7\u00e3o de data e conte\u00fado. <\/p>\n<p>Chiquititas gira em torno do orfanato Raio de Luz, que carrega em sua hist\u00f3ria um grande segredo envolvendo a fam\u00edlia e o dono do orfanato, Dr. Jos\u00e9 Ricardo Almeida Campos. Em um per\u00edodo anterior \u00e0 novela, exatos treze anos, sua filha Gabriela se apaixonou e ficou gr\u00e1vida de Miguel, filho de Valentina, empregada da casa dos Almeida Campos. Pouco depois, Jos\u00e9 Ricardo sequestrou sua neta, pois, como um homem conservador, ele n\u00e3o aceitava a ideia de que sua filha se envolvesse com um empregado. Como sua neta, Milena, apelidada como Mili, precisava de um lugar para morar, ele comprou um casar\u00e3o e fundou um orfanato, o Raio de Luz. Mili cresceu l\u00e1 com outras garotas que chegaram posteriormente: Bia, Ana, as irm\u00e3s Tati e Vivi, e Cris. <\/p>\n<p>Ao decorrer dos anos, elas se tornam uma fam\u00edlia. Elas s\u00e3o supervisionadas por Ernestina, zeladora do orfanato, e Chico, o cozinheiro amado pelas internas. Sofia, ex-governanta da fam\u00edlia Almeida Campos, \u00e9 a diretora do lugar, at\u00e9 que Carmem, irm\u00e3 de Jos\u00e9 Ricardo, entre em seu lugar. Chegam ainda mais \u00f3rf\u00e3os: Pata, Mosca, Binho e Rafa, que viviam nas ruas antes de entrarem na institui\u00e7\u00e3o. Pata e Mili tornam-se amigas rapidamente, enquanto Mosca, Binho e Rafa s\u00e3o os primeiros garotos a entrar no abrigo. As crian\u00e7as sem-teto foram ajudadas por uma doce e bela garota que tocam e mudam a vida delas, assim como as das garotas \u00f3rf\u00e3s.<\/p>\n","protected":false},"excerpt":{"rendered":"<p>Resumo novela \u201cChiquititas\u201d 10\/01: no cap\u00edtulo 347(*) da novela \u201cChiquititas\u201d, resumo de quarta-feira, 10 de janeiro, Carol avisa as chiquititas que Tati ficar\u00e1 internada no hospital. Na fazenda, Miguel v\u00ea o carro dos capangas de Carmen. Miguel e Gabriela se escondem atr\u00e1s da porta de um dos quartos da fazenda para que os capangas n\u00e3o [&hellip;]<\/p>\n","protected":false},"author":4,"featured_media":49690,"comment_status":"closed","ping_status":"closed","sticky":false,"template":"","format":"standard","meta":{"tdm_status":"","tdm_grid_status":"","footnotes":""},"categories":[409,379,372,343],"tags":[441],"class_list":{"0":"post-131072","1":"post","2":"type-post","3":"status-publish","4":"format-standard","5":"has-post-thumbnail","7":"category-chiquititas","8":"category-novelas","9":"category-sbt","10":"category-televisao","11":"tag-resumo-do-dia"},"_links":{"self":[{"href":"https:\/\/migracao.redenoticia.com.br\/noticia\/wp-json\/wp\/v2\/posts\/131072","targetHints":{"allow":["GET"]}}],"collection":[{"href":"https:\/\/migracao.redenoticia.com.br\/noticia\/wp-json\/wp\/v2\/posts"}],"about":[{"href":"https:\/\/migracao.redenoticia.com.br\/noticia\/wp-json\/wp\/v2\/types\/post"}],"author":[{"embeddable":true,"href":"https:\/\/migracao.redenoticia.com.br\/noticia\/wp-json\/wp\/v2\/users\/4"}],"replies":[{"embeddable":true,"href":"https:\/\/migracao.redenoticia.com.br\/noticia\/wp-json\/wp\/v2\/comments?post=131072"}],"version-history":[{"count":0,"href":"https:\/\/migracao.redenoticia.com.br\/noticia\/wp-json\/wp\/v2\/posts\/131072\/revisions"}],"wp:featuredmedia":[{"embeddable":true,"href":"https:\/\/migracao.redenoticia.com.br\/noticia\/wp-json\/wp\/v2\/media\/49690"}],"wp:attachment":[{"href":"https:\/\/migracao.redenoticia.com.br\/noticia\/wp-json\/wp\/v2\/media?parent=131072"}],"wp:term":[{"taxonomy":"category","embeddable":true,"href":"https:\/\/migracao.redenoticia.com.br\/noticia\/wp-json\/wp\/v2\/categories?post=131072"},{"taxonomy":"post_tag","embeddable":true,"href":"https:\/\/migracao.redenoticia.com.br\/noticia\/wp-json\/wp\/v2\/tags?post=131072"}],"curies":[{"name":"wp","href":"https:\/\/api.w.org\/{rel}","templated":true}]}}