{"id":131246,"date":"2018-01-11T00:05:43","date_gmt":"2018-01-11T02:05:43","guid":{"rendered":"https:\/\/www.redenoticia.com.br\/noticia\/?p=131246"},"modified":"2018-01-10T20:54:59","modified_gmt":"2018-01-10T22:54:59","slug":"instituto-butantan-recebe-inscricoes-para-mba-em-gestao-da-inovacao-em-saude","status":"publish","type":"post","link":"https:\/\/migracao.redenoticia.com.br\/noticia\/2018\/instituto-butantan-recebe-inscricoes-para-mba-em-gestao-da-inovacao-em-saude\/131246","title":{"rendered":"Instituto Butantan recebe inscri\u00e7\u00f5es para MBA em gest\u00e3o da inova\u00e7\u00e3o em sa\u00fade"},"content":{"rendered":"<p> Ag\u00eancia FAPESP\u00a0&#8211; O Instituto Butantan recebe at\u00e9 15 de janeiro inscri\u00e7\u00f5es para a nova turma do <strong><em>MBA Gest\u00e3o da Inova\u00e7\u00e3o em Sa\u00fade<\/em><\/strong>. S\u00e3o oferecidas 60 vagas para pesquisadores interessados em pesquisa aplicada e para empreendedores e investidores que buscam nichos de mercado na \u00e1rea da Sa\u00fade. A carga hor\u00e1ria \u00e9 de 645 horas (360 horas presenciais e 285 horas de trabalho a dist\u00e2ncia). Com dura\u00e7\u00e3o de 18 meses, o curso \u00e9 formado por tr\u00eas ciclos, que se complementam promovendo a forma\u00e7\u00e3o do Gestor de Inova\u00e7\u00e3o: Inova\u00e7\u00e3o Propriedade Intelectual e Transfer\u00eancia de Tecnologia; Pesquisa, Desenvolvimento e Produ\u00e7\u00e3o em Sa\u00fade; e Parcerias, Neg\u00f3cios, Financiamento e Gest\u00e3o de Projetos Inovadores.<\/p>\n<p>O objetivo do curso \u00e9 capacitar profissionais para atuar nas \u00e1reas de inova\u00e7\u00e3o, gest\u00e3o estrat\u00e9gica, novos neg\u00f3cios, produtos ou servi\u00e7os e para transformar pesquisas cient\u00edficas em produtos inovadores na \u00e1rea de sa\u00fade, estimulando tratamentos de doen\u00e7as com novos f\u00e1rmacos, diagn\u00f3sticos, tratamentos cir\u00fargicos, terap\u00eauticos, al\u00e9m de novos equipamentos.<\/p>\n<p>\u201cO principal objetivo deste curso \u00e9 preencher uma importante lacuna do mercado entre a cria\u00e7\u00e3o cient\u00edfica e a materializa\u00e7\u00e3o de um produto de sa\u00fade originado por ela. Precisamos de mais profissionais preparados para conduzir as etapas de desenvolvimento de novos produtos, principalmente em um ambiente extremamente regulado como este\u201d, explica\u00a0, coordenadora-geral e de inova\u00e7\u00e3o do curso.<\/p>\n<p>Segundo ela, o programa busca alinhar estrat\u00e9gias de inova\u00e7\u00e3o com o processo de desenvolvimento, \u201cdesde as ferramentas de pesquisa at\u00e9 a produ\u00e7\u00e3o e a comercializa\u00e7\u00e3o de produtos, viabilizando o dom\u00ednio de todo o arcabou\u00e7o legal necess\u00e1rio para transfer\u00eancia do conhecimento cient\u00edfico e tecnol\u00f3gico desenvolvido por Institui\u00e7\u00f5es de Ci\u00eancia, Tecnologia e Inova\u00e7\u00e3o para empresas que t\u00eam interesse em desenvolver e explorar comercialmente a tecnologia, seja por meio de novos produtos, processos ou aplica\u00e7\u00e3o em materiais e\/ou servi\u00e7os na \u00e1rea da sa\u00fade\u201d.<\/p>\n<p>Diferenciais do curso s\u00e3o a reuni\u00e3o de profissionais de diferentes segmentos e a aproxima\u00e7\u00e3o de pessoas oriundas de universidades e de empresas, o que possibilita a converg\u00eancia e o compartilhamento de informa\u00e7\u00f5es e torna o aprendizado muito mais amplo, complexo e completo.<\/p>\n<p>Com formato semipresencial (blended learning), o curso \u00e9 interativo e est\u00e1 estruturado para o desenvolvimento te\u00f3rico e pr\u00e1tico de profissionais, para que possam gerenciar todas as etapas do processo de inova\u00e7\u00e3o em sa\u00fade.<\/p>\n<p>Os encontros presenciais ocorrer\u00e3o mensalmente no Instituto Butantan e ser\u00e3o complementados por conte\u00fados disponibilizados na internet e atividades realizadas a dist\u00e2ncia.<\/p>\n<p>O curso utiliza a metodologia da sala de aula invertida e os participantes recebem o conte\u00fado te\u00f3rico com anteced\u00eancia para estudo. No momento presencial t\u00eam aulas com corpo docente e conferencistas experientes, tiram d\u00favidas e aplicam os conceitos aprendidos em trabalhos em grupo. Ap\u00f3s o momento presencial, os participantes revisam o conte\u00fado, fazem atividades e checam seu desempenho a dist\u00e2ncia.<\/p>\n<p>Para a matr\u00edcula, \u00e9 exigido n\u00edvel superior com gradua\u00e7\u00e3o nas mais diversas \u00e1reas, sendo o curso de interesse para a forma\u00e7\u00e3o e o aperfei\u00e7oamento de profissionais interessados na gest\u00e3o de projetos inovadores de sa\u00fade, de \u00f3rg\u00e3os p\u00fablicos ou empresas, profissionais ligados a programas financiados por ag\u00eancias de fomento (CEPIDs, PITE e PIPE da FAPESP e RHAE do CNPq) e programas de outros \u00f3rg\u00e3os como Finep e BNDES.<\/p>\n<p>O curso contempla ainda profissionais ligados a N\u00facleos de Inova\u00e7\u00e3o Tecnol\u00f3gica (NITs), startups, incubadoras, aceleradoras, \u00f3rg\u00e3os reguladores (Anvisa, INPI, Inmetro e Contract Research Organizations \u2013 CROs), entre outros, como servidores estaduais e federais, advogados, engenheiros biom\u00e9dicos e demais profissionais com atua\u00e7\u00e3o na \u00e1rea da sa\u00fade, al\u00e9m de mestrandos, doutorandos e p\u00f3s-doutorandos interessados em pesquisa aplicada, bem como empreendedores e investidores que buscam nichos de mercado nessa \u00e1rea.<\/p>\n<p>O curso est\u00e1 ligado ao Centre of Excellence in New Target Discovery (), um Centro de Pesquisa em Engenharia financiado por FAPESP e GlaxoSmithKline, com sede no Instituto Butantan, para valida\u00e7\u00e3o de alvos terap\u00eauticos que possibilitem a cria\u00e7\u00e3o de novos f\u00e1rmacos para doen\u00e7as de base inflamat\u00f3ria e \u00e9 apoiado por essas institui\u00e7\u00f5es.<\/p>\n<p>O curso pode ser pago \u00e0 vista com desconto ou de forma parcelada. O valor pode ser dividido em 21 parcelas de R$ 1.190,50 ou em 30 parcelas de R$ 833,00, sendo a primeira no ato da matr\u00edcula. O processo de sele\u00e7\u00e3o \u00e9 feito por meio de an\u00e1lise do curriculum vitae \u2013 que leva em conta a forma\u00e7\u00e3o acad\u00eamica, percurso profissional, atividades t\u00e9cnico-cient\u00edficas e de pesquisa, carta de inten\u00e7\u00e3o do candidato e entrevista pessoal com a coordena\u00e7\u00e3o do curso.<\/p>\n<p>Para mais informa\u00e7\u00f5es acerca do curso e inscri\u00e7\u00f5es, acesse o site do MBA:\u00a0.<\/p>\n","protected":false},"excerpt":{"rendered":"<p>Ag\u00eancia FAPESP\u00a0&#8211; O Instituto Butantan recebe at\u00e9 15 de janeiro inscri\u00e7\u00f5es para a nova turma do MBA Gest\u00e3o da Inova\u00e7\u00e3o em Sa\u00fade. S\u00e3o oferecidas 60 vagas para pesquisadores interessados em pesquisa aplicada e para empreendedores e investidores que buscam nichos de mercado na \u00e1rea da Sa\u00fade. A carga hor\u00e1ria \u00e9 de 645 horas (360 horas [&hellip;]<\/p>\n","protected":false},"author":2,"featured_media":57579,"comment_status":"closed","ping_status":"closed","sticky":false,"template":"","format":"standard","meta":{"tdm_status":"","tdm_grid_status":"","footnotes":""},"categories":[22,351,370],"tags":[],"class_list":{"0":"post-131246","1":"post","2":"type-post","3":"status-publish","4":"format-standard","5":"has-post-thumbnail","7":"category-brasil","8":"category-cursos","9":"category-inscricao"},"_links":{"self":[{"href":"https:\/\/migracao.redenoticia.com.br\/noticia\/wp-json\/wp\/v2\/posts\/131246","targetHints":{"allow":["GET"]}}],"collection":[{"href":"https:\/\/migracao.redenoticia.com.br\/noticia\/wp-json\/wp\/v2\/posts"}],"about":[{"href":"https:\/\/migracao.redenoticia.com.br\/noticia\/wp-json\/wp\/v2\/types\/post"}],"author":[{"embeddable":true,"href":"https:\/\/migracao.redenoticia.com.br\/noticia\/wp-json\/wp\/v2\/users\/2"}],"replies":[{"embeddable":true,"href":"https:\/\/migracao.redenoticia.com.br\/noticia\/wp-json\/wp\/v2\/comments?post=131246"}],"version-history":[{"count":0,"href":"https:\/\/migracao.redenoticia.com.br\/noticia\/wp-json\/wp\/v2\/posts\/131246\/revisions"}],"wp:featuredmedia":[{"embeddable":true,"href":"https:\/\/migracao.redenoticia.com.br\/noticia\/wp-json\/wp\/v2\/media\/57579"}],"wp:attachment":[{"href":"https:\/\/migracao.redenoticia.com.br\/noticia\/wp-json\/wp\/v2\/media?parent=131246"}],"wp:term":[{"taxonomy":"category","embeddable":true,"href":"https:\/\/migracao.redenoticia.com.br\/noticia\/wp-json\/wp\/v2\/categories?post=131246"},{"taxonomy":"post_tag","embeddable":true,"href":"https:\/\/migracao.redenoticia.com.br\/noticia\/wp-json\/wp\/v2\/tags?post=131246"}],"curies":[{"name":"wp","href":"https:\/\/api.w.org\/{rel}","templated":true}]}}