{"id":131289,"date":"2018-01-11T17:54:34","date_gmt":"2018-01-11T19:54:34","guid":{"rendered":"https:\/\/www.redenoticia.com.br\/noticia\/?p=131289"},"modified":"2018-01-11T17:54:34","modified_gmt":"2018-01-11T19:54:34","slug":"resumo-novela-chiquititas-12-01-tati-e-recebida-com-festa-no-orfanato","status":"publish","type":"post","link":"https:\/\/migracao.redenoticia.com.br\/noticia\/2018\/resumo-novela-chiquititas-12-01-tati-e-recebida-com-festa-no-orfanato\/131289","title":{"rendered":"Resumo novela \u201cChiquititas\u201d 12\/01: Tati \u00e9 recebida com festa no orfanato"},"content":{"rendered":"<p> <img loading=\"lazy\" decoding=\"async\" class=\"alignleft size-thumbnail wp-image-49690\" src=\"https:\/\/migracao.redenoticia.com.br\/noticia\/imagens\/chiquititas1-150x112.jpg\" alt=\"chiquititas\" width=\"150\" height=\"112\" \/><strong><em>Resumo novela \u201cChiquititas\u201d 12\/01<\/em><\/strong>: no cap\u00edtulo 349(*) da novela \u201cChiquititas\u201d, resumo de sexta-feira, 12 de janeiro, Vivi chora e sofre com o estado de sa\u00fade de Tati. Mili apoia a amiga e sugere que todas as chiquititas rezem juntas. No dia seguinte, Tati acorda milagrosamente muito melhor e falante. Fernando examina a pequena e constata que a pneumonia desapareceu. As chiquititas v\u00e3o ao hospital com bexigas e presentes. Fernando diz que em breve Tati ter\u00e1 alta. Tati volta para o orfanato e \u00e9 recebida com festa. Vivi presenteia Tati com um anel igual ao que ela tem, que significa um elo eterno entre as duas, mesmo quando estiverem longe. Carol diz aos meninos que se eles forem bem na prova e se comprometerem a estudar, ela mesma ir\u00e1 inscrever eles no campeonato de futebol. \u00c9rica \u00e9 convidada para sair com um dos clientes do Caf\u00e9 Boutique. Bel, Samuca e Mili ajudam os meninos a estudarem antes das provas. Matilde tenta se insinuar para inserir no dinheiro que Chico recebeu de Junior pela receita dos bolinhos que est\u00e3o sendo vendidos no Caf\u00e9 Boutique. Chico diz que se ela estiver tentando enrolar ele para roubar o dinheiro \u00e9 melhor ela desistir. Enquanto isso, na cadeia, Ernestina conta para as presidi\u00e1rias que possui uma irm\u00e3 g\u00eamea que se chama Matilde. Ernestina lamenta que os policiais n\u00e3o acreditam nela para colher as impress\u00f5es digitais. Dani est\u00e1 andando de bicicleta na rua e Bruno aparece. Ele presenteia a pequena com a boneca que ela tanto queria. Bruno diz que se na audi\u00eancia da guarda que haver\u00e1 no outro dia ela decidir ficar com ele, ser\u00e1 tudo diferente.<\/p>\n<p>(*) edi\u00e7\u00e3o do SBT, Novela \u201cChiquititas\u201d, sujeito a altera\u00e7\u00e3o de data e conte\u00fado.<\/p>\n<p>Chiquititas gira em torno do orfanato Raio de Luz, que carrega em sua hist\u00f3ria um grande segredo envolvendo a fam\u00edlia e o dono do orfanato, Dr. Jos\u00e9 Ricardo Almeida Campos. Em um per\u00edodo anterior \u00e0 novela, exatos treze anos, sua filha Gabriela se apaixonou e ficou gr\u00e1vida de Miguel, filho de Valentina, empregada da casa dos Almeida Campos. Pouco depois, Jos\u00e9 Ricardo sequestrou sua neta, pois, como um homem conservador, ele n\u00e3o aceitava a ideia de que sua filha se envolvesse com um empregado. Como sua neta, Milena, apelidada como Mili, precisava de um lugar para morar, ele comprou um casar\u00e3o e fundou um orfanato, o Raio de Luz. Mili cresceu l\u00e1 com outras garotas que chegaram posteriormente: Bia, Ana, as irm\u00e3s Tati e Vivi, e Cris. Ao decorrer dos anos, elas se tornam uma fam\u00edlia. Elas s\u00e3o supervisionadas por Ernestina, zeladora do orfanato, e Chico, o cozinheiro amado pelas internas. Sofia, ex-governanta da fam\u00edlia Almeida Campos, \u00e9 a diretora do lugar, at\u00e9 que Carmem, irm\u00e3 de Jos\u00e9 Ricardo, entre em seu lugar. Chegam ainda mais \u00f3rf\u00e3os: Pata, Mosca, Binho e Rafa, que viviam nas ruas antes de entrarem na institui\u00e7\u00e3o. Pata e Mili tornam-se amigas rapidamente, enquanto Mosca, Binho e Rafa s\u00e3o os primeiros garotos a entrar no abrigo. As crian\u00e7as sem-teto foram ajudadas por uma doce e bela garota que tocam e mudam a vida delas, assim como as das garotas \u00f3rf\u00e3s.<\/p>\n","protected":false},"excerpt":{"rendered":"<p>Resumo novela \u201cChiquititas\u201d 12\/01: no cap\u00edtulo 349(*) da novela \u201cChiquititas\u201d, resumo de sexta-feira, 12 de janeiro, Vivi chora e sofre com o estado de sa\u00fade de Tati. Mili apoia a amiga e sugere que todas as chiquititas rezem juntas. No dia seguinte, Tati acorda milagrosamente muito melhor e falante. Fernando examina a pequena e constata [&hellip;]<\/p>\n","protected":false},"author":2,"featured_media":49690,"comment_status":"closed","ping_status":"closed","sticky":false,"template":"","format":"standard","meta":{"tdm_status":"","tdm_grid_status":"","footnotes":""},"categories":[409,379,372,343],"tags":[441],"class_list":{"0":"post-131289","1":"post","2":"type-post","3":"status-publish","4":"format-standard","5":"has-post-thumbnail","7":"category-chiquititas","8":"category-novelas","9":"category-sbt","10":"category-televisao","11":"tag-resumo-do-dia"},"_links":{"self":[{"href":"https:\/\/migracao.redenoticia.com.br\/noticia\/wp-json\/wp\/v2\/posts\/131289","targetHints":{"allow":["GET"]}}],"collection":[{"href":"https:\/\/migracao.redenoticia.com.br\/noticia\/wp-json\/wp\/v2\/posts"}],"about":[{"href":"https:\/\/migracao.redenoticia.com.br\/noticia\/wp-json\/wp\/v2\/types\/post"}],"author":[{"embeddable":true,"href":"https:\/\/migracao.redenoticia.com.br\/noticia\/wp-json\/wp\/v2\/users\/2"}],"replies":[{"embeddable":true,"href":"https:\/\/migracao.redenoticia.com.br\/noticia\/wp-json\/wp\/v2\/comments?post=131289"}],"version-history":[{"count":0,"href":"https:\/\/migracao.redenoticia.com.br\/noticia\/wp-json\/wp\/v2\/posts\/131289\/revisions"}],"wp:featuredmedia":[{"embeddable":true,"href":"https:\/\/migracao.redenoticia.com.br\/noticia\/wp-json\/wp\/v2\/media\/49690"}],"wp:attachment":[{"href":"https:\/\/migracao.redenoticia.com.br\/noticia\/wp-json\/wp\/v2\/media?parent=131289"}],"wp:term":[{"taxonomy":"category","embeddable":true,"href":"https:\/\/migracao.redenoticia.com.br\/noticia\/wp-json\/wp\/v2\/categories?post=131289"},{"taxonomy":"post_tag","embeddable":true,"href":"https:\/\/migracao.redenoticia.com.br\/noticia\/wp-json\/wp\/v2\/tags?post=131289"}],"curies":[{"name":"wp","href":"https:\/\/api.w.org\/{rel}","templated":true}]}}