{"id":131327,"date":"2018-01-12T00:31:35","date_gmt":"2018-01-12T02:31:35","guid":{"rendered":"https:\/\/www.redenoticia.com.br\/noticia\/?p=131327"},"modified":"2018-01-12T00:30:45","modified_gmt":"2018-01-12T02:30:45","slug":"mostra-ecofalante-de-cinema-ambiental-esta-com-inscricoes-abertas","status":"publish","type":"post","link":"https:\/\/migracao.redenoticia.com.br\/noticia\/2018\/mostra-ecofalante-de-cinema-ambiental-esta-com-inscricoes-abertas\/131327","title":{"rendered":"Mostra Ecofalante de Cinema Ambiental est\u00e1 com inscri\u00e7\u00f5es abertas"},"content":{"rendered":"<p> Ag\u00eancia FAPESP\u00a0\u2013 A <strong><em>Mostra Ecofalante de Cinema Ambiental<\/em><\/strong>, evento audiovisual sul-americano dedicado a temas socioambientais, est\u00e1 com inscri\u00e7\u00f5es abertas at\u00e9 dia 15 de janeiro de 2018 para sua 7\u00aa edi\u00e7\u00e3o. Ser\u00e3o aceitas obras brasileiras, latino-americanas e caribenhas, finalizadas a partir de 2016, sem restri\u00e7\u00f5es quanto ao g\u00eanero ou dura\u00e7\u00e3o.<\/p>\n<p>Os filmes devem tratar de tem\u00e1ticas ambientais, tais como: energia, \u00e1gua, mudan\u00e7as clim\u00e1ticas, consumo, trabalho, povos e lugares, ativismo ambiental, res\u00edduos s\u00f3lidos, contamina\u00e7\u00e3o ou polui\u00e7\u00e3o, pol\u00edticas p\u00fablicas socioambientais, mobilidade, habita\u00e7\u00e3o, \u00e1reas verdes, \u00e1reas urbanas, alimenta\u00e7\u00e3o, economia verde, globaliza\u00e7\u00e3o, vida selvagem e sustentabilidade, entre outras.<\/p>\n<p>Os selecionados concorrer\u00e3o nas categorias Melhor Longa-Metragem Pelo J\u00fari (a partir de 60 minutos), com pr\u00eamio de R$ 15 mil, Melhor Curta-Metragem Pelo J\u00fari (at\u00e9 59 minutos), com pr\u00eamio de R$ 5 mil, e Melhor Filme Pelo P\u00fablico. Poder\u00e3o ser concedidas men\u00e7\u00f5es honrosas a crit\u00e9rio do j\u00fari.<\/p>\n<p>A 7\u00aa Mostra Ecofalante de Cinema Ambiental ocorrer\u00e1 de 30 de maio a 13 de junho, em v\u00e1rios locais e com toda a programa\u00e7\u00e3o gratuita.<\/p>\n<p>O regulamento, formul\u00e1rio de inscri\u00e7\u00e3o e outras informa\u00e7\u00f5es est\u00e3o dispon\u00edveis em\u00a0.<\/p>\n","protected":false},"excerpt":{"rendered":"<p>Ag\u00eancia FAPESP\u00a0\u2013 A Mostra Ecofalante de Cinema Ambiental, evento audiovisual sul-americano dedicado a temas socioambientais, est\u00e1 com inscri\u00e7\u00f5es abertas at\u00e9 dia 15 de janeiro de 2018 para sua 7\u00aa edi\u00e7\u00e3o. Ser\u00e3o aceitas obras brasileiras, latino-americanas e caribenhas, finalizadas a partir de 2016, sem restri\u00e7\u00f5es quanto ao g\u00eanero ou dura\u00e7\u00e3o. Os filmes devem tratar de tem\u00e1ticas [&hellip;]<\/p>\n","protected":false},"author":2,"featured_media":28951,"comment_status":"closed","ping_status":"closed","sticky":false,"template":"","format":"standard","meta":{"tdm_status":"","tdm_grid_status":"","footnotes":""},"categories":[22,370,353],"tags":[],"class_list":{"0":"post-131327","1":"post","2":"type-post","3":"status-publish","4":"format-standard","5":"has-post-thumbnail","7":"category-brasil","8":"category-inscricao","9":"category-oportunidades"},"_links":{"self":[{"href":"https:\/\/migracao.redenoticia.com.br\/noticia\/wp-json\/wp\/v2\/posts\/131327","targetHints":{"allow":["GET"]}}],"collection":[{"href":"https:\/\/migracao.redenoticia.com.br\/noticia\/wp-json\/wp\/v2\/posts"}],"about":[{"href":"https:\/\/migracao.redenoticia.com.br\/noticia\/wp-json\/wp\/v2\/types\/post"}],"author":[{"embeddable":true,"href":"https:\/\/migracao.redenoticia.com.br\/noticia\/wp-json\/wp\/v2\/users\/2"}],"replies":[{"embeddable":true,"href":"https:\/\/migracao.redenoticia.com.br\/noticia\/wp-json\/wp\/v2\/comments?post=131327"}],"version-history":[{"count":0,"href":"https:\/\/migracao.redenoticia.com.br\/noticia\/wp-json\/wp\/v2\/posts\/131327\/revisions"}],"wp:featuredmedia":[{"embeddable":true,"href":"https:\/\/migracao.redenoticia.com.br\/noticia\/wp-json\/wp\/v2\/media\/28951"}],"wp:attachment":[{"href":"https:\/\/migracao.redenoticia.com.br\/noticia\/wp-json\/wp\/v2\/media?parent=131327"}],"wp:term":[{"taxonomy":"category","embeddable":true,"href":"https:\/\/migracao.redenoticia.com.br\/noticia\/wp-json\/wp\/v2\/categories?post=131327"},{"taxonomy":"post_tag","embeddable":true,"href":"https:\/\/migracao.redenoticia.com.br\/noticia\/wp-json\/wp\/v2\/tags?post=131327"}],"curies":[{"name":"wp","href":"https:\/\/api.w.org\/{rel}","templated":true}]}}