{"id":131335,"date":"2018-01-12T00:35:40","date_gmt":"2018-01-12T02:35:40","guid":{"rendered":"https:\/\/www.redenoticia.com.br\/noticia\/?p=131335"},"modified":"2018-01-12T00:31:18","modified_gmt":"2018-01-12T02:31:18","slug":"vigilancia-sanitaria-do-rj-apreende-galoes-de-agua-contaminados-com-hepatite-a","status":"publish","type":"post","link":"https:\/\/migracao.redenoticia.com.br\/noticia\/2018\/vigilancia-sanitaria-do-rj-apreende-galoes-de-agua-contaminados-com-hepatite-a\/131335","title":{"rendered":"Vigil\u00e2ncia Sanit\u00e1ria do RJ apreende gal\u00f5es de \u00e1gua contaminados com Hepatite A"},"content":{"rendered":"<p> Fiscais da Vigil\u00e2ncia Sanit\u00e1ria do Rio de Janeiro interditaram um dep\u00f3sito de bebidas e um restaurante localizados na Avenida Presidente Jo\u00e3o Goulart, no morro do Vidigal, zona sul do Rio. No local foram apreendidos 169 gal\u00f5es de \u00e1gua, com 20 litros cada, devido \u00e0 comprova\u00e7\u00e3o de contamina\u00e7\u00e3o da \u00e1gua comercializada por v\u00edrus da <strong><em>Hepatite A<\/em><\/strong>, ap\u00f3s exames realizados pela Funda\u00e7\u00e3o Oswaldo Cruz (Fiocruz).<\/p>\n<p>O dep\u00f3sito Adriano Firmino da Silva e o o restaurante Bar do Salles foram interditados por falta de licenciamento sanit\u00e1rio e alvar\u00e1 de funcionamento. Al\u00e9m desses dois endere\u00e7os, foi detectada contamina\u00e7\u00e3o da \u00e1gua em um chuveiro da praia do Sheraton Hotel, na Avenida Niemeyer, que fica bem abaixo do morro.<\/p>\n<p>A prefeitura do Rio informou que uma an\u00e1lise de \u00e1gua coletada no Vidigal constatou tr\u00eas pontos contaminados com o v\u00edrus da hepatite A e determinou o fechamento desses locais. A Secretaria Municipal de Sa\u00fade informou que j\u00e1 foram notificadas 92 suspeitas de hepatite A no bairro, com a confirma\u00e7\u00e3o de 75 casos, o que j\u00e1 configura um surto localizado da doen\u00e7a.<\/p>\n<p>Preven\u00e7\u00e3o<\/p>\n<p>Os moradores devem manter medidas preventivas como lavar as m\u00e3os e s\u00f3 utilizar \u00e1gua fervida ou filtrada para beber e preparar alimentos. Os reservat\u00f3rios de \u00e1gua, filtros e garrafas devem ser higienizados com hipoclorito de s\u00f3dio, que a prefeitura e a Companhia Estadual de \u00c1guas e Esgotos (Cedae) distribuem na comunidade.<\/p>\n<p>A Hepatitite A \u00e9 doen\u00e7a infecciosa aguda causada por um v\u00edrus que entra no organismo por meio do aparelho digestivo e multiplica-se no f\u00edgado, causando inflama\u00e7\u00e3o. N\u00e1useas, febre, falta de apetite, fadiga, diarreia e icter\u00edcia s\u00e3o alguns dos sintomas mais comuns .<\/p>\n<p>Douglas Corr\u00eaa &#8211; Rep\u00f3rter da Ag\u00eancia Brasil<br \/>\nEdi\u00e7\u00e3o:\u00a0Amanda Cieglinski<br \/>\n12\/01\/2018<\/p>\n","protected":false},"excerpt":{"rendered":"<p>Fiscais da Vigil\u00e2ncia Sanit\u00e1ria do Rio de Janeiro interditaram um dep\u00f3sito de bebidas e um restaurante localizados na Avenida Presidente Jo\u00e3o Goulart, no morro do Vidigal, zona sul do Rio. No local foram apreendidos 169 gal\u00f5es de \u00e1gua, com 20 litros cada, devido \u00e0 comprova\u00e7\u00e3o de contamina\u00e7\u00e3o da \u00e1gua comercializada por v\u00edrus da Hepatite A, [&hellip;]<\/p>\n","protected":false},"author":2,"featured_media":37376,"comment_status":"closed","ping_status":"closed","sticky":false,"template":"","format":"standard","meta":{"tdm_status":"","tdm_grid_status":"","footnotes":""},"categories":[22,5],"tags":[],"class_list":{"0":"post-131335","1":"post","2":"type-post","3":"status-publish","4":"format-standard","5":"has-post-thumbnail","7":"category-brasil","8":"category-saude-e-vida"},"_links":{"self":[{"href":"https:\/\/migracao.redenoticia.com.br\/noticia\/wp-json\/wp\/v2\/posts\/131335","targetHints":{"allow":["GET"]}}],"collection":[{"href":"https:\/\/migracao.redenoticia.com.br\/noticia\/wp-json\/wp\/v2\/posts"}],"about":[{"href":"https:\/\/migracao.redenoticia.com.br\/noticia\/wp-json\/wp\/v2\/types\/post"}],"author":[{"embeddable":true,"href":"https:\/\/migracao.redenoticia.com.br\/noticia\/wp-json\/wp\/v2\/users\/2"}],"replies":[{"embeddable":true,"href":"https:\/\/migracao.redenoticia.com.br\/noticia\/wp-json\/wp\/v2\/comments?post=131335"}],"version-history":[{"count":0,"href":"https:\/\/migracao.redenoticia.com.br\/noticia\/wp-json\/wp\/v2\/posts\/131335\/revisions"}],"wp:featuredmedia":[{"embeddable":true,"href":"https:\/\/migracao.redenoticia.com.br\/noticia\/wp-json\/wp\/v2\/media\/37376"}],"wp:attachment":[{"href":"https:\/\/migracao.redenoticia.com.br\/noticia\/wp-json\/wp\/v2\/media?parent=131335"}],"wp:term":[{"taxonomy":"category","embeddable":true,"href":"https:\/\/migracao.redenoticia.com.br\/noticia\/wp-json\/wp\/v2\/categories?post=131335"},{"taxonomy":"post_tag","embeddable":true,"href":"https:\/\/migracao.redenoticia.com.br\/noticia\/wp-json\/wp\/v2\/tags?post=131335"}],"curies":[{"name":"wp","href":"https:\/\/api.w.org\/{rel}","templated":true}]}}