{"id":131423,"date":"2018-01-13T00:07:47","date_gmt":"2018-01-13T02:07:47","guid":{"rendered":"https:\/\/www.redenoticia.com.br\/noticia\/?p=131423"},"modified":"2018-01-12T21:23:11","modified_gmt":"2018-01-12T23:23:11","slug":"resumo-novela-chiquititas-15-01-carol-ganha-a-guarda-de-dani","status":"publish","type":"post","link":"https:\/\/migracao.redenoticia.com.br\/noticia\/2018\/resumo-novela-chiquititas-15-01-carol-ganha-a-guarda-de-dani\/131423","title":{"rendered":"Resumo novela \u201cChiquititas\u201d 15\/01: Carol ganha a guarda de Dani"},"content":{"rendered":"<p> <img loading=\"lazy\" decoding=\"async\" class=\"alignleft size-thumbnail wp-image-49690\" src=\"https:\/\/migracao.redenoticia.com.br\/noticia\/imagens\/chiquititas1-150x112.jpg\" alt=\"chiquititas\" width=\"150\" height=\"112\" \/><strong><em>Resumo novela \u201cChiquititas\u201d 15\/01<\/em><\/strong>: no cap\u00edtulo 350(*) da novela \u201cChiquititas\u201d, resumo de segunda-feira, 15 de janeiro, Carol diz para Dani que ela jamais estar\u00e1 sozinha. Miguel conta que levar\u00e1 Gabriela, que est\u00e1 sem mem\u00f3ria, para um lugar especial. Samuca diz para Cris que os dois precisam anunciar o fim do namoro de mentira. De volta \u00e0 escola, Vivi chama a aten\u00e7\u00e3o de todos os alunos que a reconhecem dos cat\u00e1logos de moda e pedem para tirar fotos. Marian n\u00e3o gosta da situa\u00e7\u00e3o. Mosca, Rafa, Binho e Thiago fazem a prova final para recuperarem a nota. Miguel leva Gabriela at\u00e9 uma cachoeira aonde deram o primeiro beijo. <\/p>\n<p>Cris finge um termino de namoro com Samuca na frente de todas as chiquititas. Bruno e Carol se enfrentam na audi\u00eancia pela guarda de Dani. Ap\u00f3s escutar ambos os lados, Dani \u00e9 chamada para falar sua opini\u00e3o. Dani diz ao juiz que gostaria de ficar com Carol. Marian exige que as pequeninas devolvam o dinheiro dela com juros que equivalem a cinco vezes do valor emprestado. O juiz d\u00e1 a guarda de Dani para Carol. Ana revela o ocorrido para Bia, que se revolta. Bia toma a frente da situa\u00e7\u00e3o e enfrenta Marian. As pequenas chamam Bia de hero\u00edna. O comercial que Vivi participou em Porto Alegre \u00e9 exibido na TV. Rafa, Bel, Mosca e Janu v\u00e3o at\u00e9 a sorveteria.<\/p>\n<p>(*) edi\u00e7\u00e3o do SBT, Novela \u201cChiquititas\u201d, sujeito a altera\u00e7\u00e3o de data e conte\u00fado. <\/p>\n<p>Chiquititas gira em torno do orfanato Raio de Luz, que carrega em sua hist\u00f3ria um grande segredo envolvendo a fam\u00edlia e o dono do orfanato, Dr. Jos\u00e9 Ricardo Almeida Campos. Em um per\u00edodo anterior \u00e0 novela, exatos treze anos, sua filha Gabriela se apaixonou e ficou gr\u00e1vida de Miguel, filho de Valentina, empregada da casa dos Almeida Campos. Pouco depois, Jos\u00e9 Ricardo sequestrou sua neta, pois, como um homem conservador, ele n\u00e3o aceitava a ideia de que sua filha se envolvesse com um empregado. Como sua neta, Milena, apelidada como Mili, precisava de um lugar para morar, ele comprou um casar\u00e3o e fundou um orfanato, o Raio de Luz. <\/p>\n<p>Mili cresceu l\u00e1 com outras garotas que chegaram posteriormente: Bia, Ana, as irm\u00e3s Tati e Vivi, e Cris. Ao decorrer dos anos, elas se tornam uma fam\u00edlia. Elas s\u00e3o supervisionadas por Ernestina, zeladora do orfanato, e Chico, o cozinheiro amado pelas internas. Sofia, ex-governanta da fam\u00edlia Almeida Campos, \u00e9 a diretora do lugar, at\u00e9 que Carmem, irm\u00e3 de Jos\u00e9 Ricardo, entre em seu lugar. Chegam ainda mais \u00f3rf\u00e3os: Pata, Mosca, Binho e Rafa, que viviam nas ruas antes de entrarem na institui\u00e7\u00e3o. Pata e Mili tornam-se amigas rapidamente, enquanto Mosca, Binho e Rafa s\u00e3o os primeiros garotos a entrar no abrigo. As crian\u00e7as sem-teto foram ajudadas por uma doce e bela garota que tocam e mudam a vida delas, assim como as das garotas \u00f3rf\u00e3s.<\/p>\n","protected":false},"excerpt":{"rendered":"<p>Resumo novela \u201cChiquititas\u201d 15\/01: no cap\u00edtulo 350(*) da novela \u201cChiquititas\u201d, resumo de segunda-feira, 15 de janeiro, Carol diz para Dani que ela jamais estar\u00e1 sozinha. Miguel conta que levar\u00e1 Gabriela, que est\u00e1 sem mem\u00f3ria, para um lugar especial. Samuca diz para Cris que os dois precisam anunciar o fim do namoro de mentira. De volta [&hellip;]<\/p>\n","protected":false},"author":2,"featured_media":49690,"comment_status":"closed","ping_status":"closed","sticky":false,"template":"","format":"standard","meta":{"tdm_status":"","tdm_grid_status":"","footnotes":""},"categories":[409,379,372,343],"tags":[441],"class_list":{"0":"post-131423","1":"post","2":"type-post","3":"status-publish","4":"format-standard","5":"has-post-thumbnail","7":"category-chiquititas","8":"category-novelas","9":"category-sbt","10":"category-televisao","11":"tag-resumo-do-dia"},"_links":{"self":[{"href":"https:\/\/migracao.redenoticia.com.br\/noticia\/wp-json\/wp\/v2\/posts\/131423","targetHints":{"allow":["GET"]}}],"collection":[{"href":"https:\/\/migracao.redenoticia.com.br\/noticia\/wp-json\/wp\/v2\/posts"}],"about":[{"href":"https:\/\/migracao.redenoticia.com.br\/noticia\/wp-json\/wp\/v2\/types\/post"}],"author":[{"embeddable":true,"href":"https:\/\/migracao.redenoticia.com.br\/noticia\/wp-json\/wp\/v2\/users\/2"}],"replies":[{"embeddable":true,"href":"https:\/\/migracao.redenoticia.com.br\/noticia\/wp-json\/wp\/v2\/comments?post=131423"}],"version-history":[{"count":0,"href":"https:\/\/migracao.redenoticia.com.br\/noticia\/wp-json\/wp\/v2\/posts\/131423\/revisions"}],"wp:featuredmedia":[{"embeddable":true,"href":"https:\/\/migracao.redenoticia.com.br\/noticia\/wp-json\/wp\/v2\/media\/49690"}],"wp:attachment":[{"href":"https:\/\/migracao.redenoticia.com.br\/noticia\/wp-json\/wp\/v2\/media?parent=131423"}],"wp:term":[{"taxonomy":"category","embeddable":true,"href":"https:\/\/migracao.redenoticia.com.br\/noticia\/wp-json\/wp\/v2\/categories?post=131423"},{"taxonomy":"post_tag","embeddable":true,"href":"https:\/\/migracao.redenoticia.com.br\/noticia\/wp-json\/wp\/v2\/tags?post=131423"}],"curies":[{"name":"wp","href":"https:\/\/api.w.org\/{rel}","templated":true}]}}