{"id":131508,"date":"2018-01-15T00:06:06","date_gmt":"2018-01-15T02:06:06","guid":{"rendered":"https:\/\/www.redenoticia.com.br\/noticia\/?p=131508"},"modified":"2018-01-14T16:58:42","modified_gmt":"2018-01-14T18:58:42","slug":"etec-prq-da-juventude-sp-oferece-cursos-de-qualificacao-profissional","status":"publish","type":"post","link":"https:\/\/migracao.redenoticia.com.br\/noticia\/2018\/etec-prq-da-juventude-sp-oferece-cursos-de-qualificacao-profissional\/131508","title":{"rendered":"Etec Prq. da Juventude SP oferece cursos de qualifica\u00e7\u00e3o profissional"},"content":{"rendered":"<p> A Escola T\u00e9cnica do Estado (Etec) Parque da Juventude est\u00e1 com inscri\u00e7\u00f5es abertas para os <strong><em>cursos gratuitos de M\u00eddia Social, Agentes do Brincar e Pr\u00e1ticas de E-commerce<\/em><\/strong>. S\u00e3o 30 vagas, com carga hor\u00e1ria de 160 horas (80 presenciais e 80 on-line), \u00e0 disposi\u00e7\u00e3o dos interessados.<\/p>\n<p>Outro curso em que \u00e9 poss\u00edvel se inscrever \u00e9 o de Consultor de Vendas Especializado em Perfumes, com 20 vagas e carga hor\u00e1ria de 500 horas.\u00a0As inscri\u00e7\u00f5es devem ser feitas exclusivamente pela internet (clique\u00a0\u00a0para fazer), at\u00e9 as 15h de 19 de janeiro.<\/p>\n<p>Para fazer os cursos \u00e9 preciso ter conclu\u00eddo o Ensino M\u00e9dio, at\u00e9 a data da matr\u00edcula, e fazer uma prova de admiss\u00e3o. O valor da taxa da inscri\u00e7\u00e3o \u00e9 de R$ 30.<\/p>\n<p>Caracter\u00edsticas dos cursos<\/p>\n<p>O curso de\u00a0Qualifica\u00e7\u00e3o Profissional de M\u00eddia Social\u00a0ensina a fazer an\u00e1lises de m\u00eddias sociais e a desenvolver estrat\u00e9gias para setores como o da comunica\u00e7\u00e3o social, servi\u00e7os e vendas.<\/p>\n<p>Atuar como mediador na integra\u00e7\u00e3o entre as crian\u00e7as, propor novas brincadeiras e atividades que permitam que\u00a0 elas desenvolvam a criatividade e a fazer escolhas aut\u00f4nomas \u00e9 a proposta do curso de\u00a0Qualifica\u00e7\u00e3o Profissional em Agentes do Brincar.<\/p>\n<p>Quem escolher o curso de\u00a0Qualifica\u00e7\u00e3o Profissional em Pr\u00e1ticas de E-commerce\u00a0estar\u00e1 preparado para identificar novas oportunidades no mercado, analisar produtos e estrat\u00e9gias de comunica\u00e7\u00e3o para e-commerce e desenvolver a\u00e7\u00f5es de comunica\u00e7\u00e3o nos ramos de neg\u00f3cios, vendas e servi\u00e7os.<\/p>\n<p>O curso de\u00a0Consultor de Vendas Especializado em Perfumes\u00a0prepara profissionais para o mercado, com capacidade para\u00a0 analisar as necessidades dos clientes em diversas plataformas, como nas compras on-line e propor novas fragr\u00e2ncias para cada perfil de consumidor.<\/p>\n<p>Clique\u00a0para saber mais sobre o Centro Paula Souza, mantenedor das Faculdades e Escolas T\u00e9cnicas (Fatec e Etec) do Estado de S\u00e3o Paulo.<\/p>\n<p>Do Portal do Governo SP<\/p>\n","protected":false},"excerpt":{"rendered":"<p>A Escola T\u00e9cnica do Estado (Etec) Parque da Juventude est\u00e1 com inscri\u00e7\u00f5es abertas para os cursos gratuitos de M\u00eddia Social, Agentes do Brincar e Pr\u00e1ticas de E-commerce. S\u00e3o 30 vagas, com carga hor\u00e1ria de 160 horas (80 presenciais e 80 on-line), \u00e0 disposi\u00e7\u00e3o dos interessados. Outro curso em que \u00e9 poss\u00edvel se inscrever \u00e9 o [&hellip;]<\/p>\n","protected":false},"author":2,"featured_media":28951,"comment_status":"closed","ping_status":"closed","sticky":false,"template":"","format":"standard","meta":{"tdm_status":"","tdm_grid_status":"","footnotes":""},"categories":[22,351,370],"tags":[],"class_list":{"0":"post-131508","1":"post","2":"type-post","3":"status-publish","4":"format-standard","5":"has-post-thumbnail","7":"category-brasil","8":"category-cursos","9":"category-inscricao"},"_links":{"self":[{"href":"https:\/\/migracao.redenoticia.com.br\/noticia\/wp-json\/wp\/v2\/posts\/131508","targetHints":{"allow":["GET"]}}],"collection":[{"href":"https:\/\/migracao.redenoticia.com.br\/noticia\/wp-json\/wp\/v2\/posts"}],"about":[{"href":"https:\/\/migracao.redenoticia.com.br\/noticia\/wp-json\/wp\/v2\/types\/post"}],"author":[{"embeddable":true,"href":"https:\/\/migracao.redenoticia.com.br\/noticia\/wp-json\/wp\/v2\/users\/2"}],"replies":[{"embeddable":true,"href":"https:\/\/migracao.redenoticia.com.br\/noticia\/wp-json\/wp\/v2\/comments?post=131508"}],"version-history":[{"count":0,"href":"https:\/\/migracao.redenoticia.com.br\/noticia\/wp-json\/wp\/v2\/posts\/131508\/revisions"}],"wp:featuredmedia":[{"embeddable":true,"href":"https:\/\/migracao.redenoticia.com.br\/noticia\/wp-json\/wp\/v2\/media\/28951"}],"wp:attachment":[{"href":"https:\/\/migracao.redenoticia.com.br\/noticia\/wp-json\/wp\/v2\/media?parent=131508"}],"wp:term":[{"taxonomy":"category","embeddable":true,"href":"https:\/\/migracao.redenoticia.com.br\/noticia\/wp-json\/wp\/v2\/categories?post=131508"},{"taxonomy":"post_tag","embeddable":true,"href":"https:\/\/migracao.redenoticia.com.br\/noticia\/wp-json\/wp\/v2\/tags?post=131508"}],"curies":[{"name":"wp","href":"https:\/\/api.w.org\/{rel}","templated":true}]}}