{"id":131516,"date":"2018-01-15T00:09:20","date_gmt":"2018-01-15T02:09:20","guid":{"rendered":"https:\/\/www.redenoticia.com.br\/noticia\/?p=131516"},"modified":"2018-01-14T16:59:14","modified_gmt":"2018-01-14T18:59:14","slug":"dose-padrao-da-vacina-contra-febre-amarela-e-necessaria-para-quem-vai-viajar","status":"publish","type":"post","link":"https:\/\/migracao.redenoticia.com.br\/noticia\/2018\/dose-padrao-da-vacina-contra-febre-amarela-e-necessaria-para-quem-vai-viajar\/131516","title":{"rendered":"Dose padr\u00e3o da vacina contra febre amarela \u00e9 necess\u00e1ria para quem vai viajar"},"content":{"rendered":"<p> Quem for viajar a pa\u00edses que exijam o certificado internacional de <strong><em>vacina\u00e7\u00e3o contra a febre amarela<\/em><\/strong>, emitido pela Ag\u00eancia Nacional de Vigil\u00e2ncia Sanit\u00e1ria (Anvisa), deve tomar a vacina padr\u00e3o, mesmo que tenha tomado a dose fracionada.<\/p>\n<p>&#8220;A ado\u00e7\u00e3o do fracionamento das vacinas \u00e9 uma medida preventiva que ser\u00e1 implementada em \u00e1reas selecionadas, durante per\u00edodo determinado de 15 dias, informou o Minist\u00e9rio da Sa\u00fade.<\/p>\n<p>De acordo com a Ag\u00eancia Nacional de Vigil\u00e2ncia Sanit\u00e1ria (Anvisa), os viajantes internacionais fazem parte do grupo de pessoas n\u00e3o indicadas a receber a vacina fracionada \u2013 gestantes, crian\u00e7as de nove meses a menores de dois anos e indiv\u00edduos com condi\u00e7\u00f5es cl\u00ednicas especiais (portadores de HIV\/Aids, pacientes ao final do tratamento de quimioterapia e aqueles com doen\u00e7as hematol\u00f3gicas, entre outras).<\/p>\n<p>A campanha de vacina\u00e7\u00e3o contra febre amarela com doses fracionadas foi lan\u00e7ada esta semana pelo Minist\u00e9rio da Sa\u00fade e tem por objetivo aumentar a cobertura vacinal do pa\u00eds. A vacina\u00e7\u00e3o fracionada ser\u00e1 adotada nos estados do Rio de Janeiro, de S\u00e3o Paulo e da Bahia.<\/p>\n<p>Os moradores dessas cidades, caso recebam a dose fracionada, mas decidam viajar a um pa\u00eds que exija o certificado internacional de vacina contra a febre amarela, precisam tomar a dose padr\u00e3o, segundo a ag\u00eancia.<\/p>\n<p>A Anvisa alerta que n\u00e3o ser\u00e1 emitido, \u201cem hip\u00f3tese alguma\u201d, o certificado internacional a quem apresentar o comprovante de vacina\u00e7\u00e3o fracionada. \u00c9 preciso tomar a dose padr\u00e3o, em qualquer unidade de sa\u00fade. No entanto, \u00e9 necess\u00e1rio apresentar um comprovante da viagem, por exemplo, o bilhete da passagem.<\/p>\n<p>\u201cA estrat\u00e9gia de fracionamento da vacina \u00e9 recomendada pela Organiza\u00e7\u00e3o Mundial da Sa\u00fade (OMS) quando h\u00e1 aumento de epizootias [conceito utilizado em veterin\u00e1ria e ecologia das popula\u00e7\u00f5es para qualificar uma enfermidade contagiosa que ataca um n\u00famero inusitado de animais ao mesmo tempo e na mesma regi\u00e3o] e casos de febre amarela silvestre de forma intensa, com risco de expans\u00e3o da doen\u00e7a em cidades com elevado \u00edndice populacional e que n\u00e3o tinham recomenda\u00e7\u00e3o para vacina\u00e7\u00e3o anteriormente\u201d, diz o Minist\u00e9rio da Sa\u00fade.<\/p>\n<p>A\u00e9cio Amado &#8211; Rep\u00f3rter da Ag\u00eancia Brasil<br \/>\nEdi\u00e7\u00e3o: Kleber Sampaio<br \/>\n15\/01\/2018<\/p>\n","protected":false},"excerpt":{"rendered":"<p>Quem for viajar a pa\u00edses que exijam o certificado internacional de vacina\u00e7\u00e3o contra a febre amarela, emitido pela Ag\u00eancia Nacional de Vigil\u00e2ncia Sanit\u00e1ria (Anvisa), deve tomar a vacina padr\u00e3o, mesmo que tenha tomado a dose fracionada. &#8220;A ado\u00e7\u00e3o do fracionamento das vacinas \u00e9 uma medida preventiva que ser\u00e1 implementada em \u00e1reas selecionadas, durante per\u00edodo determinado [&hellip;]<\/p>\n","protected":false},"author":2,"featured_media":34747,"comment_status":"closed","ping_status":"closed","sticky":false,"template":"","format":"standard","meta":{"tdm_status":"","tdm_grid_status":"","footnotes":""},"categories":[22,5],"tags":[],"class_list":{"0":"post-131516","1":"post","2":"type-post","3":"status-publish","4":"format-standard","5":"has-post-thumbnail","7":"category-brasil","8":"category-saude-e-vida"},"_links":{"self":[{"href":"https:\/\/migracao.redenoticia.com.br\/noticia\/wp-json\/wp\/v2\/posts\/131516","targetHints":{"allow":["GET"]}}],"collection":[{"href":"https:\/\/migracao.redenoticia.com.br\/noticia\/wp-json\/wp\/v2\/posts"}],"about":[{"href":"https:\/\/migracao.redenoticia.com.br\/noticia\/wp-json\/wp\/v2\/types\/post"}],"author":[{"embeddable":true,"href":"https:\/\/migracao.redenoticia.com.br\/noticia\/wp-json\/wp\/v2\/users\/2"}],"replies":[{"embeddable":true,"href":"https:\/\/migracao.redenoticia.com.br\/noticia\/wp-json\/wp\/v2\/comments?post=131516"}],"version-history":[{"count":0,"href":"https:\/\/migracao.redenoticia.com.br\/noticia\/wp-json\/wp\/v2\/posts\/131516\/revisions"}],"wp:featuredmedia":[{"embeddable":true,"href":"https:\/\/migracao.redenoticia.com.br\/noticia\/wp-json\/wp\/v2\/media\/34747"}],"wp:attachment":[{"href":"https:\/\/migracao.redenoticia.com.br\/noticia\/wp-json\/wp\/v2\/media?parent=131516"}],"wp:term":[{"taxonomy":"category","embeddable":true,"href":"https:\/\/migracao.redenoticia.com.br\/noticia\/wp-json\/wp\/v2\/categories?post=131516"},{"taxonomy":"post_tag","embeddable":true,"href":"https:\/\/migracao.redenoticia.com.br\/noticia\/wp-json\/wp\/v2\/tags?post=131516"}],"curies":[{"name":"wp","href":"https:\/\/api.w.org\/{rel}","templated":true}]}}