{"id":131554,"date":"2018-01-16T00:04:07","date_gmt":"2018-01-16T02:04:07","guid":{"rendered":"https:\/\/www.redenoticia.com.br\/noticia\/?p=131554"},"modified":"2018-01-15T16:13:52","modified_gmt":"2018-01-15T18:13:52","slug":"pos-doutorado-em-materiais-nanoestruturados-com-bolsa-da-fapesp","status":"publish","type":"post","link":"https:\/\/migracao.redenoticia.com.br\/noticia\/2018\/pos-doutorado-em-materiais-nanoestruturados-com-bolsa-da-fapesp\/131554","title":{"rendered":"P\u00f3s-doutorado em materiais nanoestruturados com Bolsa da FAPESP"},"content":{"rendered":"<p>Ag\u00eancia FAPESP \u2013 uma oportunidade de <strong><em>p\u00f3s-doutorado<\/em><\/strong> est\u00e1 dispon\u00edvel para o Projeto Tem\u00e1tico &#8220;&#8221;, na UFABC.\u00a0O prazo de inscri\u00e7\u00e3o termina em 1\u00ba de fevereiro de 2018.<\/p>\n<p>A proposta do trabalho \u00e9 estudar a s\u00edntese e a caracteriza\u00e7\u00e3o de nanoestruturas pept\u00eddicas obtidas a partir de processos de auto-organiza\u00e7\u00e3o. Sequ\u00eancias pept\u00eddicas, do tipo bola-anfif\u00edlicos e lipopept\u00eddicos, ser\u00e3o sintetizadas e caracterizadas por diferentes t\u00e9cnicas anal\u00edticas e espectrosc\u00f3picas. O objetivo \u00e9 a obten\u00e7\u00e3o de diferentes organiza\u00e7\u00f5es supramoleculares com diversas aplica\u00e7\u00f5es potenciais, especificamente em arquiteturas de transporte e\/ou detec\u00e7\u00e3o.<\/p>\n<p>Exigem-se para a vaga experi\u00eancia pr\u00e9via em pesquisa na \u00e1rea de s\u00edntese org\u00e2nica e\/ou s\u00edntese de pept\u00eddeos (tanto em fase s\u00f3lida como em fase l\u00edquida) e em caracteriza\u00e7\u00f5es de nanomateriais por meio de t\u00e9cnicas espectrosc\u00f3picas e microsc\u00f3picas. O candidato deve ter publica\u00e7\u00f5es pr\u00e9vias na \u00e1rea e experi\u00eancia internacional.<\/p>\n<p>A inscri\u00e7\u00e3o deve ser feita por e-mail, para o professor supervisor do projeto,\u00a0\u00a0(wendel.alves@ufabc.edu.br). Junto ao e-mail, devem ser anexados curriculum vitae, documento que comprove que o candidato \u00e9 portador de t\u00edtulo de doutor e pelo menos duas cartas de recomenda\u00e7\u00e3o. \u00c9 desej\u00e1vel que pelo menos uma das cartas seja proveniente de pesquisador estrangeiro que tenha trabalhado com o candidato.<\/p>\n<p>A avalia\u00e7\u00e3o das propostas considerar\u00e1 os seguintes aspectos: hist\u00f3rico de pesquisa do candidato e an\u00e1lise das cartas de recomenda\u00e7\u00e3o recebidas. No que se refere \u00e0 an\u00e1lise curricular, n\u00e3o ser\u00e1 considerado somente o n\u00famero de publica\u00e7\u00f5es do candidato, mas tamb\u00e9m sua qualidade e relev\u00e2ncia. Al\u00e9m disso, os candidatos ser\u00e3o convocados para uma entrevista presencial ou on-line com o supervisor, para avaliar ader\u00eancia das \u00e1reas de experi\u00eancia do candidato aos temas de pesquisa relacionados ao projeto.<\/p>\n<p>O Projeto Tem\u00e1tico \u00e9 coordenado pelo professor\u00a0, pesquisador do\u00a0Centro Nacional de Pesquisa em Energia e Materiais (CNPEM).<\/p>\n<div>Mais informa\u00e7\u00f5es sobre a vaga est\u00e3o dispon\u00edveis em\u00a0.<\/div>\n<p>A vaga est\u00e1 aberta a brasileiros e estrangeiros. O selecionado receber\u00e1 Bolsa de P\u00f3s-Doutorado da FAPESP no valor de R$ 7.174,80 mensais e Reserva T\u00e9cnica. A Reserva T\u00e9cnica de Bolsa de PD equivale a 15% do valor anual da bolsa e tem o objetivo de atender a despesas imprevistas e diretamente relacionadas \u00e0 atividade de pesquisa.<\/p>\n<p>Caso o bolsista de PD resida em domic\u00edlio diferente e precise se mudar para a cidade onde se localiza a institui\u00e7\u00e3o-sede da pesquisa, poder\u00e1 ter direito a um Aux\u00edlio-Instala\u00e7\u00e3o. Mais informa\u00e7\u00f5es sobre a Bolsa de P\u00f3s-Doutorado da FAPESP est\u00e3o dispon\u00edveis em\u00a0.<\/p>\n<p>Outras vagas de bolsas, em diversas \u00e1reas do conhecimento, est\u00e3o no site FAPESP-Oportunidades, em\u00a0. <\/p>\n","protected":false},"excerpt":{"rendered":"<p>Ag\u00eancia FAPESP \u2013 uma oportunidade de p\u00f3s-doutorado est\u00e1 dispon\u00edvel para o Projeto Tem\u00e1tico &#8220;&#8221;, na UFABC.\u00a0O prazo de inscri\u00e7\u00e3o termina em 1\u00ba de fevereiro de 2018. A proposta do trabalho \u00e9 estudar a s\u00edntese e a caracteriza\u00e7\u00e3o de nanoestruturas pept\u00eddicas obtidas a partir de processos de auto-organiza\u00e7\u00e3o. Sequ\u00eancias pept\u00eddicas, do tipo bola-anfif\u00edlicos e lipopept\u00eddicos, ser\u00e3o [&hellip;]<\/p>\n","protected":false},"author":2,"featured_media":37419,"comment_status":"closed","ping_status":"closed","sticky":false,"template":"","format":"standard","meta":{"tdm_status":"","tdm_grid_status":"","footnotes":""},"categories":[22,370,353],"tags":[],"class_list":{"0":"post-131554","1":"post","2":"type-post","3":"status-publish","4":"format-standard","5":"has-post-thumbnail","7":"category-brasil","8":"category-inscricao","9":"category-oportunidades"},"_links":{"self":[{"href":"https:\/\/migracao.redenoticia.com.br\/noticia\/wp-json\/wp\/v2\/posts\/131554","targetHints":{"allow":["GET"]}}],"collection":[{"href":"https:\/\/migracao.redenoticia.com.br\/noticia\/wp-json\/wp\/v2\/posts"}],"about":[{"href":"https:\/\/migracao.redenoticia.com.br\/noticia\/wp-json\/wp\/v2\/types\/post"}],"author":[{"embeddable":true,"href":"https:\/\/migracao.redenoticia.com.br\/noticia\/wp-json\/wp\/v2\/users\/2"}],"replies":[{"embeddable":true,"href":"https:\/\/migracao.redenoticia.com.br\/noticia\/wp-json\/wp\/v2\/comments?post=131554"}],"version-history":[{"count":0,"href":"https:\/\/migracao.redenoticia.com.br\/noticia\/wp-json\/wp\/v2\/posts\/131554\/revisions"}],"wp:featuredmedia":[{"embeddable":true,"href":"https:\/\/migracao.redenoticia.com.br\/noticia\/wp-json\/wp\/v2\/media\/37419"}],"wp:attachment":[{"href":"https:\/\/migracao.redenoticia.com.br\/noticia\/wp-json\/wp\/v2\/media?parent=131554"}],"wp:term":[{"taxonomy":"category","embeddable":true,"href":"https:\/\/migracao.redenoticia.com.br\/noticia\/wp-json\/wp\/v2\/categories?post=131554"},{"taxonomy":"post_tag","embeddable":true,"href":"https:\/\/migracao.redenoticia.com.br\/noticia\/wp-json\/wp\/v2\/tags?post=131554"}],"curies":[{"name":"wp","href":"https:\/\/api.w.org\/{rel}","templated":true}]}}